{"id":462851,"date":"2025-10-14T17:19:13","date_gmt":"2025-10-14T17:19:13","guid":{"rendered":"https:\/\/www.europesays.com\/fr\/462851\/"},"modified":"2025-10-14T17:19:13","modified_gmt":"2025-10-14T17:19:13","slug":"a-paris-le-groupe-estee-lauder-offre-une-maison-des-parfums-a-ses-marques-et-son-pole-innovation","status":"publish","type":"post","link":"https:\/\/www.europesays.com\/fr\/462851\/","title":{"rendered":"A PAris, le groupe Est\u00e9e Lauder offre une Maison des Parfums \u00e0 ses marques et son p\u00f4le innovation"},"content":{"rendered":"<p>\n                                    <b>Publi\u00e9 le<\/b><br \/>\n                                    <\/p>\n<p>                                        14 octobre 2025<\/p>\n<p class=\"article-content col-md-8 offset-md-1\">\n                                C&rsquo;est un immeuble entier qu&rsquo;a investi en grandes pompes le groupe am\u00e9ricain <a class=\"fnwAddLinks\" href=\"https:\/\/fr.fashionnetwork.com\/tags-estee-lauder\" title=\"Est\u00e9e Lauder\" target=\"_blank\" rel=\"noopener\">Est\u00e9e Lauder<\/a> Companies \u00e0 Paris ce 14 octobre. Au 14-16 rue Volney, \u00e0 quelques pas de la rue de la Paix et de l&rsquo;Op\u00e9ra Garnier, le g\u00e9ant am\u00e9ricain des cosm\u00e9tiques et du parfum ouvre les portes de sa Maison des parfums.\u00a0<\/p>\n<p><img decoding=\"async\" class=\"news-image\" style=\"width:100%;\" src=\"https:\/\/www.europesays.com\/fr\/wp-content\/uploads\/2025\/10\/44f7.jpg\" alt=\"La fa\u00e7ade de La Maison des Parfums \u00e0 Paris\" loading=\"lazy\"\/>La fa\u00e7ade de La Maison des Parfums \u00e0 Paris &#8211; The Est\u00e9e Lauder Companies Inc.<\/p>\n<p class=\"col-md-8 offset-md-1 article-content--texte\">Outre les si\u00e8ges de plusieurs marques luxe et prestige de son portfolio, le groupe installe l\u00e0 un lieu de rencontres avec les parfumeurs et un Atelier pour renforcer ses capacit\u00e9s de recherche et d\u00e9veloppement. Les \u00e9quipes investissent progressivement les lieux qui s&rsquo;\u00e9tend sur cinq \u00e9tages. Avec la volont\u00e9 de miser sur la proximit\u00e9 entre les \u00e9quipes op\u00e9rationnelles des marques et le p\u00f4le innovation afin de renforcer les atouts concurrentiels du groupe.<\/p>\n<p>Lors de l&rsquo;inauguration des lieux St\u00e9phane de La Faverie, pr\u00e9sident-directeur g\u00e9n\u00e9ral du groupe a soulign\u00e9 l&rsquo;importance de cette implantation \u00e0 Paris, relevant que celle-ci b\u00e9n\u00e9ficiait du haut patronage d&rsquo;<a class=\"fnwAddLinks\" href=\"https:\/\/fr.fashionnetwork.com\/tags-emmanuel-macron\" title=\"Emmanuel Macron\" target=\"_blank\" rel=\"noopener\">Emmanuel Macron<\/a>, Pr\u00e9sident de la R\u00e9publique fran\u00e7aise, qui, appel\u00e9 au Moyen-Orient n&rsquo;avait pu accompagner l&rsquo;ouverture des lieux.\u00a0<\/p>\n<p class=\"col-md-8 offset-md-1 article-content--texte\">Le dirigeant a soulign\u00e9 l&rsquo;app\u00e9tence du groupe pour l&rsquo;innovation, consid\u00e9rant cet aspect comme un \u00e9l\u00e9ment de diff\u00e9renciation. A son sens son nouvel Atelier vient renforcer son maillage global en termes de R&amp;D.\u00a0<\/p>\n<p>\u00ab\u00a0L&rsquo;atelier repr\u00e9sente aujourd&rsquo;hui le dernier \u00e9l\u00e9ment qui nous manquait d&rsquo;un point de vue recherche et innovation. Nous avons d\u00e9j\u00e0 des centres avec un site proche de notre si\u00e8ge historique \u00e0 New York. Nous avons aussi un centre de recherche et d&rsquo;innovation au Canada, un autre dans le Minnesota pour les soins capillaires. Et en 2023, nous avons inaugur\u00e9 notre grand centre d&rsquo;innovation en Chine qui \u00e9tait v\u00e9ritablement pour acc\u00e9l\u00e9rer l&rsquo;innovation pour le march\u00e9 chinois et au-del\u00e0. Derni\u00e8rement, le groupe a inaugur\u00e9 notre Biotech Lab en Belgique L&rsquo;Atelier dans la Maison des parfums va nous permettre d&rsquo;acc\u00e9l\u00e9rer nos innovations en parfumerie\u00a0\u00bb.<\/p>\n<p>Le groupe\u00a0a indiqu\u00e9 que l\u2019ouverture de l\u2019Atelier marque une \u00e9tape majeure de son engagement \u00e0 long terme envers l\u2019industrie de la parfumerie et rend hommage \u00e0 la passion de toujours de sa fondatrice \u00e9ponyme pour le parfum. Con\u00e7u pour faire converger cr\u00e9ativit\u00e9, science et technologie, le processus de cr\u00e9ation de bout en bout de l\u2019Atelier, pilot\u00e9 par l\u2019IA, exploitera la mod\u00e9lisation olfactive et les neurosciences pour d\u00e9velopper de nouvelles technologies et r\u00e9duire, au cours des prochaines ann\u00e9es, les d\u00e9lais de d\u00e9veloppement des parfums de 30 % \u00e0 50 %.<\/p>\n<p>Les espaces d\u2019innovation comprennent une \u00ab\u00a0Music Room\u00a0\u00bb et des laboratoires o\u00f9 des experts mettront en \u0153uvre des proc\u00e9d\u00e9s tels que l\u2019extraction supercritique au CO2 et l\u2019analyse mol\u00e9culaire par GC-MS. L\u2019Atelier recourra \u00e9galement \u00e0 une mod\u00e9lisation des consommateurs bas\u00e9e sur les neurosciences afin de transformer les donn\u00e9es sensorielles en enseignements exploitables et d\u2019aider ses cr\u00e9ateurs \u00e0 d\u00e9velopper des parfums v\u00e9ritablement empreints d\u2019\u00e9motion.<\/p>\n<p>\u00ab\u00a0Nous sommes particuli\u00e8rement fiers que The Est\u00e9e Lauder Companies ait choisi la France pour implanter son nouvel atelier mondial d\u00e9di\u00e9 \u00e0 la parfumerie, un projet innovant annonc\u00e9 lors du dernier sommet Choose France\u00a0\u00bb,\u00a0 a d\u00e9clar\u00e9 Pascal Cagni, Pr\u00e9sident de Business France dans un communiqu\u00e9. \u00ab\u00a0L\u2019industrie fran\u00e7aise du parfum et des cosm\u00e9tiques, avec un chiffre d\u2019affaires de plus de 30 milliards d\u2019euros, s\u2019impose comme un moteur de croissance et d\u2019attractivit\u00e9. Ce nouvel atelier illustre la capacit\u00e9 de la France \u00e0 conjuguer cr\u00e9ativit\u00e9, excellence industrielle et innovation, et \u00e0 offrir aux entreprises un environnement propice au d\u00e9veloppement des projets les plus ambitieux.\u00a0\u00bb<\/p>\n<p>Le groupe, qui avait ouvert son premier bureau fran\u00e7ais en 1966 revendique employer plus de 1 200 personnes en France et plusieurs de ses marques, dont Darphin Paris et Lab Series, y ont leur si\u00e8ge. Alors que le groupe se r\u00e9organise dans le cadre de son plan Beauty Reimagined, le groupe semble miser sur la France et son expertise en parfumerie comme levier de rebond.\n                            <\/p>\n<p>\n                                Cet article est une traduction automatique.<br \/>\n                                    <a href=\"https:\/\/ww.fashionnetwork.com\/news\/Estee-lauder-opens-innovative-fragrance-atelier-within-its-new-la-maison-des-parfums-in-paris,1773120.html\" target=\"_blank\" rel=\"noopener\">Cliquez ici<\/a> pour consulter l&rsquo;article d&rsquo;origine.\n                            <\/p>\n<p>\n                                Tous droits de reproduction et de repr\u00e9sentation r\u00e9serv\u00e9s.<br \/>\u00a9 2025 FashionNetwork.com\n                            <\/p>\n","protected":false},"excerpt":{"rendered":"Publi\u00e9 le 14 octobre 2025 C&rsquo;est un immeuble entier qu&rsquo;a investi en grandes pompes le groupe am\u00e9ricain Est\u00e9e&hellip;\n","protected":false},"author":2,"featured_media":462852,"comment_status":"","ping_status":"","sticky":false,"template":"","format":"standard","meta":{"footnotes":""},"categories":[1888],"tags":[1111,1928,11,1927,2424,58691,537,2423,1073,58690,1777,674,1011,27,58692,58694,58693,2425,985,12,1926,2298,626,1925,2426,2427,25,2421,2422,34116],"class_list":{"0":"post-462851","1":"post","2":"type-post","3":"status-publish","4":"format-standard","5":"has-post-thumbnail","7":"category-paris","8":"tag-actu","9":"tag-actu-paris","10":"tag-actualites","11":"tag-actualites-paris","12":"tag-beaute","13":"tag-by-kilian","14":"tag-contact","15":"tag-cosmetiques","16":"tag-emmanuel-macron","17":"tag-estee-lauder","18":"tag-eu","19":"tag-europe","20":"tag-fr","21":"tag-france","22":"tag-g1","23":"tag-jo-malone-london","24":"tag-le-labo","25":"tag-luxe","26":"tag-mode","27":"tag-news","28":"tag-news-paris","29":"tag-parfum","30":"tag-paris","31":"tag-paris-news","32":"tag-professionnel","33":"tag-professionnels","34":"tag-republique-francaise","35":"tag-reseau","36":"tag-textile","37":"tag-tom-ford"},"share_on_mastodon":{"url":"https:\/\/pubeurope.com\/@fr\/115373668530834702","error":""},"_links":{"self":[{"href":"https:\/\/www.europesays.com\/fr\/wp-json\/wp\/v2\/posts\/462851","targetHints":{"allow":["GET"]}}],"collection":[{"href":"https:\/\/www.europesays.com\/fr\/wp-json\/wp\/v2\/posts"}],"about":[{"href":"https:\/\/www.europesays.com\/fr\/wp-json\/wp\/v2\/types\/post"}],"author":[{"embeddable":true,"href":"https:\/\/www.europesays.com\/fr\/wp-json\/wp\/v2\/users\/2"}],"replies":[{"embeddable":true,"href":"https:\/\/www.europesays.com\/fr\/wp-json\/wp\/v2\/comments?post=462851"}],"version-history":[{"count":0,"href":"https:\/\/www.europesays.com\/fr\/wp-json\/wp\/v2\/posts\/462851\/revisions"}],"wp:featuredmedia":[{"embeddable":true,"href":"https:\/\/www.europesays.com\/fr\/wp-json\/wp\/v2\/media\/462852"}],"wp:attachment":[{"href":"https:\/\/www.europesays.com\/fr\/wp-json\/wp\/v2\/media?parent=462851"}],"wp:term":[{"taxonomy":"category","embeddable":true,"href":"https:\/\/www.europesays.com\/fr\/wp-json\/wp\/v2\/categories?post=462851"},{"taxonomy":"post_tag","embeddable":true,"href":"https:\/\/www.europesays.com\/fr\/wp-json\/wp\/v2\/tags?post=462851"}],"curies":[{"name":"wp","href":"https:\/\/api.w.org\/{rel}","templated":true}]}}