{"id":462859,"date":"2025-10-14T17:23:15","date_gmt":"2025-10-14T17:23:15","guid":{"rendered":"https:\/\/www.europesays.com\/fr\/462859\/"},"modified":"2025-10-14T17:23:15","modified_gmt":"2025-10-14T17:23:15","slug":"zelensky-dechoit-le-maire-dodessa-et-un-danseur-de-ballet-de-leur-nationalite","status":"publish","type":"post","link":"https:\/\/www.europesays.com\/fr\/462859\/","title":{"rendered":"Zelensky d\u00e9choit le maire d\u2019Odessa et un danseur de ballet de leur nationalit\u00e9"},"content":{"rendered":"<p>\n    Le SBU a notamment accus\u00e9 Gennadi Troukhanov d\u2019avoir la nationalit\u00e9 russe et de \u00abposs\u00e9der un passeport international valide du pays agresseur\u00bb, ce que l\u2019int\u00e9ress\u00e9 a toujours d\u00e9menti.<\/p>\n<p class=\"fig-paragraph\">Le maire d\u2019Odessa,\u00a0<a href=\"https:\/\/www.lefigaro.fr\/international\/pendant-la-guerre-la-lutte-anticorruption-s-enlise-en-ukraine-20220424\" target=\"_blank\" data-fig-type=\"Article\" rel=\"noopener nofollow\" data-gtm-custom-categorie=\"navigation\" data-gtm-custom-action=\"crossclick\" data-gtm-custom-label=\"Contextuel\" data-gtm-event=\"customEventSPE\" data-fig-domain=\"LEFIGARO\">Gennadi Troukhanov<\/a>, une figure bien connue de la politique locale, ainsi que le danseur de ballet\u00a0<a href=\"http:\/\/www.lefigaro.fr\/culture\/serguei-polounine-le-danseur-ukrainien-fan-de-poutine-annonce-quitter-la-russie-20241218\" target=\"_blank\" data-fig-type=\"NewsFlash\" rel=\"noopener nofollow\" data-gtm-custom-categorie=\"navigation\" data-gtm-custom-action=\"crossclick\" data-gtm-custom-label=\"Contextuel\" data-gtm-event=\"customEventSPE\" data-fig-domain=\"LEFIGARO\">Sergue\u00ef Polounine,<\/a>\u00a0qui a fait scandale par ses prises de position pro-Kremlin, ont \u00e9t\u00e9 d\u00e9chus de leur nationalit\u00e9 ukrainienne par le pr\u00e9sident\u00a0<a href=\"http:\/\/www.lefigaro.fr\/flash-actu\/donald-trump-confirme-qu-il-va-recevoir-volodymyr-zelensky-vendredi-a-la-maison-blanche-20251014\" target=\"_blank\" data-fig-type=\"NewsFlash\" rel=\"noopener nofollow\" data-gtm-custom-categorie=\"navigation\" data-gtm-custom-action=\"crossclick\" data-gtm-custom-label=\"Contextuel\" data-gtm-event=\"customEventSPE\" data-fig-domain=\"LEFIGARO\">Volodymyr Zelensky<\/a>. \u00abLa citoyennet\u00e9 ukrainienne du maire d&rsquo;Odessa, Gennadi Troukhanov, a \u00e9t\u00e9 suspendue\u00bb, ont annonc\u00e9 mardi sur Telegram les services de s\u00e9curit\u00e9 ukrainiens (SBU) en citant un d\u00e9cret sign\u00e9 par Volodymyr Zelensky.<\/p>\n<p class=\"fig-paragraph\">Le SBU a accus\u00e9 Gennadi Troukhanov d&rsquo;avoir la nationalit\u00e9 russe et de \u00abposs\u00e9der un passeport international valide du pays agresseur\u00bb, ce que l&rsquo;int\u00e9ress\u00e9 a toujours d\u00e9menti. Ancien d\u00e9put\u00e9, Gennadi Troukhanov est depuis 2014 le maire d&rsquo;Odessa, la troisi\u00e8me plus grande ville d&rsquo;Ukraine et un important port sur la mer Noire, dans le sud de l&rsquo;Ukraine.<\/p>\n<p>                                    <a class=\"fig-a11y-skip a11y-hidden\" href=\"#fig-a11y-skip-main-inarticle\"><br \/>\n        Passer la publicit\u00e9<br \/>\n    <\/a><\/p>\n<p class=\"fig-paragraph\">Le retrait de sa nationalit\u00e9 ukrainienne devrait de facto le priver de son mandat de maire. \u00abJe n&rsquo;ai jamais re\u00e7u de passeport de citoyen russe. Je suis citoyen ukrainien\u00bb, a r\u00e9agi Gennadi Troukhanov dans un message adress\u00e9 aux citoyens d&rsquo;Odessa. Il a assur\u00e9 qu&rsquo;il \u00abcontinuera \u00e0 exercer les fonctions de maire \u00e9lu\u00bb tant que possible, et a promis un recours devant la Cour supr\u00eame et la Cour europ\u00e9enne des droits de l&rsquo;homme. Autrefois consid\u00e9r\u00e9 comme un homme politique aux tendances prorusses, Gennadi Troukhanov avait fait volte-face apr\u00e8s l&rsquo;invasion de l&rsquo;Ukraine en 2022 et fustig\u00e9 publiquement Moscou tout en s&rsquo;attelant \u00e0 la d\u00e9fense d&rsquo;Odessa et \u00e0 l&rsquo;aide \u00e0 l&rsquo;arm\u00e9e ukrainienne.<\/p>\n<p>Le danseur qualifi\u00e9 de \u00abmauvais gar\u00e7on\u00bb<\/p>\n<p class=\"fig-paragraph\">Une source au sein de la pr\u00e9sidence ukrainienne a indiqu\u00e9 \u00e0 l&rsquo;AFP que le danseur de ballet Sergue\u00ef Polounine avait \u00e9galement \u00e9t\u00e9 d\u00e9chu de la nationalit\u00e9 ukrainienne. Sergue\u00ef Polounine, qui arbore sur le torse un large tatouage repr\u00e9sentant le pr\u00e9sident Vladimir Poutine, est parfois qualifi\u00e9 de \u00abmauvais gar\u00e7on\u00bb du ballet pour ses performances passionn\u00e9es et ses d\u00e9clarations pol\u00e9miques. Il avait quitt\u00e9 subitement le Royal Ballet britannique en 2012 apr\u00e8s y avoir \u00e9t\u00e9 promu danseur \u00e9toile. N\u00e9 dans le sud de l&rsquo;Ukraine, il d\u00e9tient la nationalit\u00e9 russe depuis 2018. Il a soutenu l&rsquo;invasion russe en 2022 et auparavant, en 2014, salu\u00e9 l&rsquo;annexion par la Russie de la Crim\u00e9e, o\u00f9 il a v\u00e9cu et travaill\u00e9. Selon la source interrog\u00e9e par l&rsquo;AFP, Volodymyr Zelensky a par ailleurs d\u00e9chu de la nationalit\u00e9 ukrainienne l&rsquo;ex-d\u00e9put\u00e9 Oleg Tsariov, pass\u00e9 c\u00f4t\u00e9 prorusse et victime d&rsquo;une tentative d&rsquo;assassinat en 2023.<\/p>\n","protected":false},"excerpt":{"rendered":"Le SBU a notamment accus\u00e9 Gennadi Troukhanov d\u2019avoir la nationalit\u00e9 russe et de \u00abposs\u00e9der un passeport international valide&hellip;\n","protected":false},"author":2,"featured_media":462860,"comment_status":"","ping_status":"","sticky":false,"template":"","format":"standard","meta":{"footnotes":""},"categories":[1590],"tags":[11,1777,674,131,12,220,134],"class_list":{"0":"post-462859","1":"post","2":"type-post","3":"status-publish","4":"format-standard","5":"has-post-thumbnail","7":"category-ukraine","8":"tag-actualites","9":"tag-eu","10":"tag-europe","11":"tag-guerre-en-ukraine","12":"tag-news","13":"tag-ukraine","14":"tag-volodymyr-zelensky"},"share_on_mastodon":{"url":"https:\/\/pubeurope.com\/@fr\/115373683782430443","error":""},"_links":{"self":[{"href":"https:\/\/www.europesays.com\/fr\/wp-json\/wp\/v2\/posts\/462859","targetHints":{"allow":["GET"]}}],"collection":[{"href":"https:\/\/www.europesays.com\/fr\/wp-json\/wp\/v2\/posts"}],"about":[{"href":"https:\/\/www.europesays.com\/fr\/wp-json\/wp\/v2\/types\/post"}],"author":[{"embeddable":true,"href":"https:\/\/www.europesays.com\/fr\/wp-json\/wp\/v2\/users\/2"}],"replies":[{"embeddable":true,"href":"https:\/\/www.europesays.com\/fr\/wp-json\/wp\/v2\/comments?post=462859"}],"version-history":[{"count":0,"href":"https:\/\/www.europesays.com\/fr\/wp-json\/wp\/v2\/posts\/462859\/revisions"}],"wp:featuredmedia":[{"embeddable":true,"href":"https:\/\/www.europesays.com\/fr\/wp-json\/wp\/v2\/media\/462860"}],"wp:attachment":[{"href":"https:\/\/www.europesays.com\/fr\/wp-json\/wp\/v2\/media?parent=462859"}],"wp:term":[{"taxonomy":"category","embeddable":true,"href":"https:\/\/www.europesays.com\/fr\/wp-json\/wp\/v2\/categories?post=462859"},{"taxonomy":"post_tag","embeddable":true,"href":"https:\/\/www.europesays.com\/fr\/wp-json\/wp\/v2\/tags?post=462859"}],"curies":[{"name":"wp","href":"https:\/\/api.w.org\/{rel}","templated":true}]}}