{"id":462911,"date":"2025-10-14T17:52:09","date_gmt":"2025-10-14T17:52:09","guid":{"rendered":"https:\/\/www.europesays.com\/fr\/462911\/"},"modified":"2025-10-14T17:52:09","modified_gmt":"2025-10-14T17:52:09","slug":"en-direct-guerre-en-ukraine-coupures-delectricite-dans-huit-oblasts-ukrainiens-en-raison-des-degats-causes-par-les-bombardements-russes-le-monde-fr","status":"publish","type":"post","link":"https:\/\/www.europesays.com\/fr\/462911\/","title":{"rendered":"EN DIRECT, guerre en Ukraine : coupures d\u2019\u00e9lectricit\u00e9 dans huit oblasts ukrainiens, en raison des d\u00e9g\u00e2ts caus\u00e9s par les bombardements russes &#8211; Le Monde.fr"},"content":{"rendered":"<ol>\n<li><a href=\"https:\/\/news.google.com\/rss\/articles\/CBMirwJBVV95cUxPZzdGSnFMZlBFb01WVU5rZHI3S3FXSExWZXNrY0VYYUZ0TUROQWxQNzVvaE9CaVFLQnFCdVFsMHVHaFpYb2xJRm1qMWVEZlBZdF8tV19DTElTVjh1STd2U3lVTmxHcEdQb0xCbWVpaHZTY3BqUEZUT3phTnRfcHY1RUN3dVlqazNjT3VSazkxTF9mUVJfZjlJeGRVbW1IOWU5QUs1NkQ2bGNtNkVUdkVPdjhmODI1a2x3RTlrc01jVFROQnpvTGdrOE1LeWxYel80TUF0RlNKWFhBVVFxcGtaY0JLYndFX3FXemY3TEE3bGF4Ry1jemg2bTk3eldWSEV4bjZFcFQzRThoN0pjTEREaFVUOVM2WnZNMDV0Q0lwUzZVbThBd0ZqQktaSnNDUmM?oc=5\" target=\"_blank\" rel=\"noopener\">EN DIRECT, guerre en Ukraine : coupures d\u2019\u00e9lectricit\u00e9 dans huit oblasts ukrainiens, en raison des d\u00e9g\u00e2ts caus\u00e9s par les bombardements russes<\/a>&nbsp;&nbsp;Le Monde.fr<\/li>\n<li><a href=\"https:\/\/news.google.com\/rss\/articles\/CBMiiwFBVV95cUxNUEF1azJLc0o2dEFwY3ZSODA0SVg4bFcyaTZiRkFScjRMTVVNUlZ2WlR3QkNEWm5UMEpDZlBHbUlLSVJpS2tFYnhjV2t3dlczQ2pPalAwdEFZNDVpa2RCTmVvTVhBX1h0eXpzYUhjX3BOWFBIY29xWUxJY2hKY3RuMFlkZXl0MnRaQnk0?oc=5\" target=\"_blank\" rel=\"noopener\">Ukraine-Russie, la bataille de l&rsquo;\u00e9nergie<\/a>&nbsp;&nbsp;Les Echos<\/li>\n<li><a href=\"https:\/\/news.google.com\/rss\/articles\/CBMi0AFBVV95cUxNLVJlLU01TnZpU0hhaF9HQjNiTEI2a1ZYTHJ0allmaVpyNWpIMTVqR0F4X2RNeGVrQUM2c0tXVmVUWHRmbjl3T2JOaWFra3NPR2d1dndRTi1tNTBoWVVMVmNjOWJDcUsxUkZNSnU4QzVKY1RFbHZVd2ZQN09rb21KOHFhcDIwOGR3eVZseWRqNkxzc3piWVFUYnFwcFdmNFE3dU5SM1ZGZkhwcGFRR0RvUlI2bktqLVNsd1p4b0hkeGdEam9LYnh5bTFYNDdIRFVU?oc=5\" target=\"_blank\" rel=\"noopener\">Pour toucher les Russes au portefeuille, les drones ukrainiens ciblent les raffineries de p\u00e9trole<\/a>&nbsp;&nbsp;Challenges<\/li>\n<li><a href=\"https:\/\/news.google.com\/rss\/articles\/CBMi_AFBVV95cUxQUGpzQmR5OUt3NFYyTzhCZEdKT01KRlF1QjVBa1FzbEt5azhpcmtGbzZFTXJWNE52UlQwVDdVR2dqUk1QU1FUYmlHVUkweHo2UnAzeUVmTnBxZkVkanJ4YUw3b1J1OWxaY3VXeGFiTFJBdnhkSWV5WEl1QThsTmlLVjByRjYwOWhzZmd4WGtmMmVXd2NzU2pzckpfcl9aN2FhRjE3SzJ3RkhaRlU4bzVJeHFrRXJDbDFaOUZ2SHNPSTFaQnNBX29Mc2R4alFUOU5WZVdlbFQ0Zm5qWHVfZXFFVDlZVGxMSElEaWU1ZGozS1M1UUVmc1JJWjY3dHU?oc=5\" target=\"_blank\" rel=\"noopener\">CARTE. Guerre en Ukraine : coupures d\u2019\u00e9lectricit\u00e9, Zelensky ira \u00e0 Washington\u2026 Le point du jour<\/a>&nbsp;&nbsp;Ouest-France<\/li>\n<li><a href=\"https:\/\/news.google.com\/rss\/articles\/CBMipwFBVV95cUxNT1RPbjdtSzdoUG90WXlCSDNyR0FXaFdmZENEU3FFWjZreEhxekNMSzJIZDR1WkJTU2QwdWVPMWw0N3N4WEZpZUF4VEhMd3BHZkhTZmlZUElsSGJ1NHlRemhPcFhWanJUMF9EMV9ZbXlxT1F1aFFpWjZUcGZ0akwxb1pnbUExSXdqc21hUlQtZGVaVGpfd1l0Ti1ZbTBnWFhfTGZRSk8ydw?oc=5\" target=\"_blank\" rel=\"noopener\">Ukraine : au moins 70 bless\u00e9s dans des frappes russes dont 62 \u00e0 Kharkiv<\/a>&nbsp;&nbsp;Euronews.com<\/li>\n<\/ol>\n","protected":false},"excerpt":{"rendered":"EN DIRECT, guerre en Ukraine : coupures d\u2019\u00e9lectricit\u00e9 dans huit oblasts ukrainiens, en raison des d\u00e9g\u00e2ts caus\u00e9s par&hellip;\n","protected":false},"author":2,"featured_media":462912,"comment_status":"","ping_status":"","sticky":false,"template":"","format":"standard","meta":{"footnotes":""},"categories":[5],"tags":[11,1011,27,14,12,28],"class_list":{"0":"post-462911","1":"post","2":"type-post","3":"status-publish","4":"format-standard","5":"has-post-thumbnail","7":"category-international","8":"tag-actualites","9":"tag-fr","10":"tag-france","11":"tag-international","12":"tag-news","13":"tag-world"},"share_on_mastodon":{"url":"https:\/\/pubeurope.com\/@fr\/115373797879187310","error":""},"_links":{"self":[{"href":"https:\/\/www.europesays.com\/fr\/wp-json\/wp\/v2\/posts\/462911","targetHints":{"allow":["GET"]}}],"collection":[{"href":"https:\/\/www.europesays.com\/fr\/wp-json\/wp\/v2\/posts"}],"about":[{"href":"https:\/\/www.europesays.com\/fr\/wp-json\/wp\/v2\/types\/post"}],"author":[{"embeddable":true,"href":"https:\/\/www.europesays.com\/fr\/wp-json\/wp\/v2\/users\/2"}],"replies":[{"embeddable":true,"href":"https:\/\/www.europesays.com\/fr\/wp-json\/wp\/v2\/comments?post=462911"}],"version-history":[{"count":0,"href":"https:\/\/www.europesays.com\/fr\/wp-json\/wp\/v2\/posts\/462911\/revisions"}],"wp:featuredmedia":[{"embeddable":true,"href":"https:\/\/www.europesays.com\/fr\/wp-json\/wp\/v2\/media\/462912"}],"wp:attachment":[{"href":"https:\/\/www.europesays.com\/fr\/wp-json\/wp\/v2\/media?parent=462911"}],"wp:term":[{"taxonomy":"category","embeddable":true,"href":"https:\/\/www.europesays.com\/fr\/wp-json\/wp\/v2\/categories?post=462911"},{"taxonomy":"post_tag","embeddable":true,"href":"https:\/\/www.europesays.com\/fr\/wp-json\/wp\/v2\/tags?post=462911"}],"curies":[{"name":"wp","href":"https:\/\/api.w.org\/{rel}","templated":true}]}}