{"id":462931,"date":"2025-10-14T18:03:10","date_gmt":"2025-10-14T18:03:10","guid":{"rendered":"https:\/\/www.europesays.com\/fr\/462931\/"},"modified":"2025-10-14T18:03:10","modified_gmt":"2025-10-14T18:03:10","slug":"julien-dore-a-tenu-sa-promesse-et-a-rencontre-adele-au-zenith-de-rouen-cetait-magique","status":"publish","type":"post","link":"https:\/\/www.europesays.com\/fr\/462931\/","title":{"rendered":"Julien Dor\u00e9 a tenu sa promesse et a rencontr\u00e9 Ad\u00e8le, au Z\u00e9nith de Rouen : \u00ab\u00a0C&rsquo;\u00e9tait magique ! \u00bb"},"content":{"rendered":"<p>            Par<br \/>\n        <strong><br \/>\n            <a href=\"https:\/\/actu.fr\/auteur\/laredaction\" title=\"Consulter tous les articles de R\u00e9daction Normandie\" target=\"_blank\" rel=\"noopener\">R\u00e9daction Normandie<\/a><br \/>\n        <\/strong><\/p>\n<p>        Publi\u00e9 le<\/p>\n<p>            14 oct. 2025 \u00e0 19h00        <\/p>\n<p>Dans un pr\u00e9c\u00e9dent article, <a href=\"https:\/\/actu.fr\/normandie\/boos_76116\/le-chanteur-julien-dore-a-repondu-a-lappel-dadele-et-va-la-rencontrer-au-zenith_63232124.html\" target=\"_blank\" rel=\"noopener\">nous vous parlions du r\u00eave d\u2019Ad\u00e8le, 10 ans<\/a> : <strong>rencontrer son chanteur pr\u00e9f\u00e9r\u00e9, Julien Dor\u00e9.<\/strong> Un r\u00eave devenu r\u00e9alit\u00e9 pour la petite fille qui souffre de paralysie c\u00e9r\u00e9brale. Sa maman Camille nous raconte cette soir\u00e9e du 4 octobre, <a href=\"https:\/\/actu.fr\/tag\/zenith-de-rouen\" target=\"_blank\" rel=\"noopener\">au Z\u00e9nith de Rouen<\/a>, qu\u2019Ad\u00e8le n\u2019oubliera pas de sit\u00f4t.<\/p>\n<p>Une heure inoubliable avec Julien Dor\u00e9<\/p>\n<p class=\" wall-content\">\u00ab Julien Dor\u00e9 nous a accueillis vers 17 h 30. Nous sommes rest\u00e9s avec lui pendant une heure.<strong> C\u2019\u00e9tait magique. Ad\u00e8le avait un grand sourire.<\/strong> Elle \u00e9tait super contente. Ils ont \u00e9chang\u00e9 des petits cadeaux. Il lui a offert un tote bag et un bonnet d\u00e9dicac\u00e9s, sans oublier un autographe sur le CD qu\u2019elle avait apport\u00e9 \u00bb, raconte Camille.<\/p>\n<p class=\" wall-content\">Pendant une heure, l\u2019artiste a discut\u00e9 avec Ad\u00e8le et sa famille. Julien Dor\u00e9 a notamment expliqu\u00e9 comment il avait rep\u00e9r\u00e9 l\u2019appel d\u2019Ad\u00e8le sur les r\u00e9seaux sociaux. \u00ab C\u2019est lui qui g\u00e8re ses r\u00e9seaux. Il a \u00e9t\u00e9 touch\u00e9 par la vid\u00e9o. C\u2019est un artiste tr\u00e8s pos\u00e9, calme et tr\u00e8s simple. Il a offert un moment magique \u00e0 notre fille et \u00e0 nous \u00e9galement. Nous le remercions pour cela ainsi que toute l\u2019\u00e9quipe qui nous a accueillis \u00bb, confie la maman d\u2019Ad\u00e8le.<\/p>\n<p>Ad\u00e8le a dans\u00e9 pendant le spectacle<\/p>\n<p class=\" wall-content\">Ad\u00e8le et sa famille ont ensuite appr\u00e9ci\u00e9 le spectacle qu\u2019ils ont trouv\u00e9 \u00ab superbe. Nous avons pass\u00e9 un super moment ! Ad\u00e8le a ador\u00e9. Elle a dans\u00e9, le sourire aux l\u00e8vres toute la soir\u00e9e. Quels magnifiques souvenirs pour elle \u00bb, raconte Camille, encore tr\u00e8s \u00e9mue.<\/p>\n<p>Association pour aider Ad\u00e8le. Suivre Ad\u00e8le sur le Facebook de l\u2019association ou https:\/\/pouraideradele.wixsite.com\/association\/presentation<\/p>\n<p>Suivez l\u2019actualit\u00e9 de Rouen <a href=\"https:\/\/www.whatsapp.com\/channel\/0029VaKfnf99hXF2ddApFB1D\" target=\"_blank\" rel=\"noopener\">sur notre cha\u00eene WhatsApp<\/a> et <a href=\"https:\/\/www.tiktok.com\/@76actu.fr?lang=fr\" target=\"_blank\" rel=\"noopener\">sur notre compte TikTok<\/a><\/p>\n<p class=\" wall-content\">Personnalisez votre actualit\u00e9 en ajoutant vos villes et m\u00e9dias en favori avec <a href=\"https:\/\/moncompte.actu.fr\" title=\"D\u00e9couvez Mon Actu\" rel=\"nofollow noopener\" data-trk=\"{&quot;cta&quot;:{&quot;action&quot;:&quot;https:\\\/\\\/moncompte.actu.fr&quot;,&quot;category&quot;:&quot;mon compte&quot;,&quot;from&quot;:&quot;article footer&quot;,&quot;name&quot;:&quot;Mon actu&quot;,&quot;type&quot;:&quot;cta&quot;}}\" target=\"_blank\">Mon Actu<\/a>.<\/p>\n<p>                    <script async src=\"\/\/www.tiktok.com\/embed.js\"><\/script><\/p>\n","protected":false},"excerpt":{"rendered":"Par R\u00e9daction Normandie Publi\u00e9 le 14 oct. 2025 \u00e0 19h00 Dans un pr\u00e9c\u00e9dent article, nous vous parlions du&hellip;\n","protected":false},"author":2,"featured_media":462932,"comment_status":"","ping_status":"","sticky":false,"template":"","format":"standard","meta":{"footnotes":""},"categories":[9587],"tags":[1111,11,1777,674,1011,27,1652,873,12,5161,25,9590,9894],"class_list":{"0":"post-462931","1":"post","2":"type-post","3":"status-publish","4":"format-standard","5":"has-post-thumbnail","7":"category-rouen","8":"tag-actu","9":"tag-actualites","10":"tag-eu","11":"tag-europe","12":"tag-fr","13":"tag-france","14":"tag-loisirs-culture","15":"tag-musique","16":"tag-news","17":"tag-normandie","18":"tag-republique-francaise","19":"tag-rouen","20":"tag-zenith-de-rouen"},"share_on_mastodon":{"url":"","error":""},"_links":{"self":[{"href":"https:\/\/www.europesays.com\/fr\/wp-json\/wp\/v2\/posts\/462931","targetHints":{"allow":["GET"]}}],"collection":[{"href":"https:\/\/www.europesays.com\/fr\/wp-json\/wp\/v2\/posts"}],"about":[{"href":"https:\/\/www.europesays.com\/fr\/wp-json\/wp\/v2\/types\/post"}],"author":[{"embeddable":true,"href":"https:\/\/www.europesays.com\/fr\/wp-json\/wp\/v2\/users\/2"}],"replies":[{"embeddable":true,"href":"https:\/\/www.europesays.com\/fr\/wp-json\/wp\/v2\/comments?post=462931"}],"version-history":[{"count":0,"href":"https:\/\/www.europesays.com\/fr\/wp-json\/wp\/v2\/posts\/462931\/revisions"}],"wp:featuredmedia":[{"embeddable":true,"href":"https:\/\/www.europesays.com\/fr\/wp-json\/wp\/v2\/media\/462932"}],"wp:attachment":[{"href":"https:\/\/www.europesays.com\/fr\/wp-json\/wp\/v2\/media?parent=462931"}],"wp:term":[{"taxonomy":"category","embeddable":true,"href":"https:\/\/www.europesays.com\/fr\/wp-json\/wp\/v2\/categories?post=462931"},{"taxonomy":"post_tag","embeddable":true,"href":"https:\/\/www.europesays.com\/fr\/wp-json\/wp\/v2\/tags?post=462931"}],"curies":[{"name":"wp","href":"https:\/\/api.w.org\/{rel}","templated":true}]}}