{"id":462939,"date":"2025-10-14T18:07:22","date_gmt":"2025-10-14T18:07:22","guid":{"rendered":"https:\/\/www.europesays.com\/fr\/462939\/"},"modified":"2025-10-14T18:07:22","modified_gmt":"2025-10-14T18:07:22","slug":"qui-est-ce-rennais-qui-sest-glisse-dans-cette-serie-a-succes-sur-netflix","status":"publish","type":"post","link":"https:\/\/www.europesays.com\/fr\/462939\/","title":{"rendered":"Qui est ce Rennais qui s\u2019est gliss\u00e9 dans cette s\u00e9rie \u00e0 succ\u00e8s sur Netflix\u00a0?"},"content":{"rendered":"<p>Un Rennais c\u00e9l\u00e8bre s\u2019est gliss\u00e9 dans Mercredi, la s\u00e9rie Netflix qui met en sc\u00e8ne l\u2019enfant terrible de la famille Addams. Dans l\u2019\u00e9pisode 2 de la saison 2, sorti cet \u00e9t\u00e9, la jeune fille manipule d\u2019antiques poucettes, un engin de torture cens\u00e9 broyer les doigts du sujet lors de l\u2019interrogatoire.<\/p>\n<p>Un c\u00e9l\u00e8bre guillotineur<\/p>\n<p>Elle les pr\u00e9sente comme \u00ab con\u00e7ues par Anatole Deibler, le plus c\u00e9l\u00e8bre tortionnaire de France \u00bb, et datant de \u00ab l\u2019\u00e9poque napol\u00e9onienne \u00bb. Les habitants de Rennes connaissent bien Anatole Deibler, qui y est n\u00e9. Ils n\u2019ont pu que sourire en entendant cette r\u00e9f\u00e9rence au guillotineur de la R\u00e9publique qui, pendant 40 ans, a coup\u00e9 395 t\u00eates.<\/p>\n<p>Surtout car Deibler (1863-1939) n\u2019a pas offici\u00e9 sous Napol\u00e9on, mais pendant la IIIe r\u00e9publique. Il ne bricolait pas de douloureux gadgets dignes de l\u2019Inquisition pendant son temps libre. Loin de la figure de bourreau m\u00e9di\u00e9val, ce fonctionnaire ne s\u2019occupait \u00ab que \u00bb de d\u00e9capiter les condamn\u00e9s, selon un protocole consign\u00e9 dans son \u00e9pais journal intime. Les policiers utilisaient parfois des poucettes, mais ce mot d\u00e9signait alors de simples menottes de doigts.<\/p>\n<p>Toujours est-il qu\u2019aux \u00c9tats-Unis, les mots \u00ab Anatole Deibler \u00bb affichaient leur premier gros pic de recherches sur Google en ao\u00fbt, au moment de la diffusion de l\u2018\u00e9pisode.<\/p>\n","protected":false},"excerpt":{"rendered":"Un Rennais c\u00e9l\u00e8bre s\u2019est gliss\u00e9 dans Mercredi, la s\u00e9rie Netflix qui met en sc\u00e8ne l\u2019enfant terrible de la&hellip;\n","protected":false},"author":2,"featured_media":462940,"comment_status":"","ping_status":"","sticky":false,"template":"","format":"standard","meta":{"footnotes":""},"categories":[2821],"tags":[1111,11,829,3173,1777,674,1011,27,12,50972,584,25],"class_list":{"0":"post-462939","1":"post","2":"type-post","3":"status-publish","4":"format-standard","5":"has-post-thumbnail","7":"category-rennes","8":"tag-actu","9":"tag-actualites","10":"tag-bretagne","11":"tag-culture-a-rennes","12":"tag-eu","13":"tag-europe","14":"tag-fr","15":"tag-france","16":"tag-news","17":"tag-newsletter-la-rennes-quotidienne","18":"tag-rennes","19":"tag-republique-francaise"},"share_on_mastodon":{"url":"https:\/\/pubeurope.com\/@fr\/115373856735673889","error":""},"_links":{"self":[{"href":"https:\/\/www.europesays.com\/fr\/wp-json\/wp\/v2\/posts\/462939","targetHints":{"allow":["GET"]}}],"collection":[{"href":"https:\/\/www.europesays.com\/fr\/wp-json\/wp\/v2\/posts"}],"about":[{"href":"https:\/\/www.europesays.com\/fr\/wp-json\/wp\/v2\/types\/post"}],"author":[{"embeddable":true,"href":"https:\/\/www.europesays.com\/fr\/wp-json\/wp\/v2\/users\/2"}],"replies":[{"embeddable":true,"href":"https:\/\/www.europesays.com\/fr\/wp-json\/wp\/v2\/comments?post=462939"}],"version-history":[{"count":0,"href":"https:\/\/www.europesays.com\/fr\/wp-json\/wp\/v2\/posts\/462939\/revisions"}],"wp:featuredmedia":[{"embeddable":true,"href":"https:\/\/www.europesays.com\/fr\/wp-json\/wp\/v2\/media\/462940"}],"wp:attachment":[{"href":"https:\/\/www.europesays.com\/fr\/wp-json\/wp\/v2\/media?parent=462939"}],"wp:term":[{"taxonomy":"category","embeddable":true,"href":"https:\/\/www.europesays.com\/fr\/wp-json\/wp\/v2\/categories?post=462939"},{"taxonomy":"post_tag","embeddable":true,"href":"https:\/\/www.europesays.com\/fr\/wp-json\/wp\/v2\/tags?post=462939"}],"curies":[{"name":"wp","href":"https:\/\/api.w.org\/{rel}","templated":true}]}}