{"id":462943,"date":"2025-10-14T18:09:13","date_gmt":"2025-10-14T18:09:13","guid":{"rendered":"https:\/\/www.europesays.com\/fr\/462943\/"},"modified":"2025-10-14T18:09:13","modified_gmt":"2025-10-14T18:09:13","slug":"bischheim-khadija-el-afrit-donne-un-concert-en-hommage-a-la-diva-du-monde-arabe-oum-kalthoum","status":"publish","type":"post","link":"https:\/\/www.europesays.com\/fr\/462943\/","title":{"rendered":"Bischheim. Khadija El Afrit donne un concert en hommage \u00e0 la diva du monde arabe, Oum Kalthoum"},"content":{"rendered":"<p>En 1975 disparaissait Oum Kalthoum, figure mythique du monde arabe, surnomm\u00e9e l\u2019 \u00ab\u00a0Astre d\u2019Orient\u00a0\u00bb. Cinquante ans plus tard, la musicienne Khadija El Afrit lui rend hommage en revisitant le r\u00e9pertoire des ann\u00e9es 1920 avec un concert m\u00ealant sa voix profonde aux sonorit\u00e9s du qan\u00fbn, cet instrument traditionnel dont elle ma\u00eetrise l\u2019art du chant et du jeu simultan\u00e9. <\/p>\n<p>  Voyage au c\u0153ur du Caire des ann\u00e9es 20<\/p>\n<p>Khadija El Afrit sera accompagn\u00e9e d\u2019un takht, un orchestre embl\u00e9matique de la musique arabe classique compos\u00e9 de musiciens d\u2019exception. L\u2019ensemble entra\u00eenera le public de la salle du Cercle dans un voyage musical au coeur du\u00a0Caire des ann\u00e9es 20.<\/p>\n<p class=\"note\">Concert Khadija El Afrit, jeudi 16\u00a0octobre \u00e0 20\u00a0h, salle du Cercle, 2 Rue de l\u2018\u00c9glise, Bischheim. Billetterie.bischheim.alsace. 15 \u20ac (tarif plein. 10 \u20ac abonn\u00e9.<\/p>\n","protected":false},"excerpt":{"rendered":"En 1975 disparaissait Oum Kalthoum, figure mythique du monde arabe, surnomm\u00e9e l\u2019 \u00ab\u00a0Astre d\u2019Orient\u00a0\u00bb. Cinquante ans plus tard,&hellip;\n","protected":false},"author":2,"featured_media":462944,"comment_status":"","ping_status":"","sticky":false,"template":"","format":"standard","meta":{"footnotes":""},"categories":[2820],"tags":[1111,11,13205,1687,2880,1777,674,107,1011,27,775,873,12,25,3140,640,3265],"class_list":{"0":"post-462943","1":"post","2":"type-post","3":"status-publish","4":"format-standard","5":"has-post-thumbnail","7":"category-strasbourg","8":"tag-actu","9":"tag-actualites","10":"tag-bischheim","11":"tag-culture-loisirs","12":"tag-edition-strasbourg","13":"tag-eu","14":"tag-europe","15":"tag-fil-info","16":"tag-fr","17":"tag-france","18":"tag-grand-est","19":"tag-musique","20":"tag-news","21":"tag-republique-francaise","22":"tag-spectacle","23":"tag-strasbourg","24":"tag-strasbourg-nord"},"share_on_mastodon":{"url":"https:\/\/pubeurope.com\/@fr\/115373864643858739","error":""},"_links":{"self":[{"href":"https:\/\/www.europesays.com\/fr\/wp-json\/wp\/v2\/posts\/462943","targetHints":{"allow":["GET"]}}],"collection":[{"href":"https:\/\/www.europesays.com\/fr\/wp-json\/wp\/v2\/posts"}],"about":[{"href":"https:\/\/www.europesays.com\/fr\/wp-json\/wp\/v2\/types\/post"}],"author":[{"embeddable":true,"href":"https:\/\/www.europesays.com\/fr\/wp-json\/wp\/v2\/users\/2"}],"replies":[{"embeddable":true,"href":"https:\/\/www.europesays.com\/fr\/wp-json\/wp\/v2\/comments?post=462943"}],"version-history":[{"count":0,"href":"https:\/\/www.europesays.com\/fr\/wp-json\/wp\/v2\/posts\/462943\/revisions"}],"wp:featuredmedia":[{"embeddable":true,"href":"https:\/\/www.europesays.com\/fr\/wp-json\/wp\/v2\/media\/462944"}],"wp:attachment":[{"href":"https:\/\/www.europesays.com\/fr\/wp-json\/wp\/v2\/media?parent=462943"}],"wp:term":[{"taxonomy":"category","embeddable":true,"href":"https:\/\/www.europesays.com\/fr\/wp-json\/wp\/v2\/categories?post=462943"},{"taxonomy":"post_tag","embeddable":true,"href":"https:\/\/www.europesays.com\/fr\/wp-json\/wp\/v2\/tags?post=462943"}],"curies":[{"name":"wp","href":"https:\/\/api.w.org\/{rel}","templated":true}]}}