{"id":462951,"date":"2025-10-14T18:13:32","date_gmt":"2025-10-14T18:13:32","guid":{"rendered":"https:\/\/www.europesays.com\/fr\/462951\/"},"modified":"2025-10-14T18:13:32","modified_gmt":"2025-10-14T18:13:32","slug":"exposition-a-nantes-avec-ses-faux-paysages-le-photographe-interroge-la-realite","status":"publish","type":"post","link":"https:\/\/www.europesays.com\/fr\/462951\/","title":{"rendered":"Exposition \u00e0 Nantes\u00a0: avec ses faux paysages, le photographe interroge la r\u00e9alit\u00e9"},"content":{"rendered":"<p>Les paysages affich\u00e9s par Patrick Miara sont souvent resplendissants. Mais sont ils vrais\u00a0? Le photographe ne craint pas une proc\u00e9dure \u00e0 son encontre pour faux et usage de faux. Car c\u2019est ce qu\u2019il revendique dans son travail de composition photographique.<strong> \u00ab\u00a0Je pose une interrogation sur la r\u00e9alit\u00e9. En r\u00e9ponse je produis des images cr\u00e9dibles, mais en fait il s\u2019agit d\u2019une r\u00e9alit\u00e9 totalement invent\u00e9e\u00a0\u00bb,<\/strong> assume Patrick Miara. Ainsi donne-t-il naissance \u00e0 ses fictions g\u00e9ologiques, expos\u00e9es \u00e0 la galerie Ga\u00efa, \u00e0 Nantes.<\/p>\n<p><strong>Lire aussi\u00a0:<\/strong> <a href=\"https:\/\/nantes.maville.com\/actu\/actudet_-ouste-nos-immanquables-pour-sortir-cette-semaine-_52716-7017775_actu.Htm\" target=\"_blank\" rel=\"noopener\">Ouste\u00a0! Nos immanquables pour sortir cette semaine du 13 au 19\u00a0octobre<\/a><\/p>\n<p>Le photographe d\u00e9bute son processus de cr\u00e9ation par une collecte de multiples clich\u00e9s\u00a0: <strong>\u00ab\u00a0J\u2019arpente les paysages, je pr\u00e9l\u00e8ve ce qui m\u2019int\u00e9resse.\u00a0\u00bb<\/strong> Sa d\u00e9marche artistique se r\u00e9v\u00e8le d\u2019abord \u00e0 travers le choix des mati\u00e8res, les lignes, la forme des roches, o\u00f9 d\u00e9j\u00e0 l\u2019\u0153il du photographe commence \u00e0 travailler.<\/p>\n<p>As du trompe-l\u2019\u0153il<\/p>\n<p>Puis, le mat\u00e9riau r\u00e9colt\u00e9, vient ensuite le temps des compositions. <strong>\u00ab\u00a0C\u2019est comparable \u00e0 un travail de collage, de superposition, <\/strong>d\u00e9crit Patrick Miara. <strong>J\u2019assemble les bribes, je joue sur les \u00e9chelles. En g\u00e9n\u00e9ral, j\u2019utilise trois \u00e0 cinq photos pour en composer une seule.\u00a0\u00bb<\/strong><\/p>\n<p>Des nappes d\u2019eau apparaissent l\u00e0 o\u00f9 il n\u2019y en avait pas, un bloc de rocher surgit d\u2019on ne sait o\u00f9, une montagne tout de blanc v\u00eatue s\u2019\u00e9rige de nulle part. Mais, les \u00e9l\u00e9ments harmonieusement fondus, la fiction se mue en une puissante r\u00e9alit\u00e9. Ainsi, \u00e0 travers sa postproduction informatique, le photographe se r\u00e9v\u00e8le-t-il un as du trompe-l\u2019\u0153il. L\u2019illusion \u00e9tant parfois plus ravissante que la r\u00e9alit\u00e9.<\/p>\n<p><strong>Jusqu\u2019au 31\u00a0octobre,<\/strong> le mardi et mercredi, de 15\u00a0h \u00e0 19\u00a0h, et du jeudi au samedi de 11\u00a0h \u00e0 19\u00a0h, \u00e0 la galerie Ga\u00efa, 4, rue F\u00e9nelon.<\/p>\n<p>\u00a0<\/p>\n","protected":false},"excerpt":{"rendered":"Les paysages affich\u00e9s par Patrick Miara sont souvent resplendissants. Mais sont ils vrais\u00a0? Le photographe ne craint pas&hellip;\n","protected":false},"author":2,"featured_media":462952,"comment_status":"","ping_status":"","sticky":false,"template":"","format":"standard","meta":{"footnotes":""},"categories":[2818],"tags":[1111,11,1777,674,3293,10483,1011,27,43691,766,12,2636,12349,20528,17729,25],"class_list":{"0":"post-462951","1":"post","2":"type-post","3":"status-publish","4":"format-standard","5":"has-post-thumbnail","7":"category-nantes","8":"tag-actu","9":"tag-actualites","10":"tag-eu","11":"tag-europe","12":"tag-exposition","13":"tag-faux","14":"tag-fr","15":"tag-france","16":"tag-interroge","17":"tag-nantes","18":"tag-news","19":"tag-pays-de-la-loire","20":"tag-paysages","21":"tag-photographe","22":"tag-realite","23":"tag-republique-francaise"},"share_on_mastodon":{"url":"https:\/\/pubeurope.com\/@fr\/115373880338152866","error":""},"_links":{"self":[{"href":"https:\/\/www.europesays.com\/fr\/wp-json\/wp\/v2\/posts\/462951","targetHints":{"allow":["GET"]}}],"collection":[{"href":"https:\/\/www.europesays.com\/fr\/wp-json\/wp\/v2\/posts"}],"about":[{"href":"https:\/\/www.europesays.com\/fr\/wp-json\/wp\/v2\/types\/post"}],"author":[{"embeddable":true,"href":"https:\/\/www.europesays.com\/fr\/wp-json\/wp\/v2\/users\/2"}],"replies":[{"embeddable":true,"href":"https:\/\/www.europesays.com\/fr\/wp-json\/wp\/v2\/comments?post=462951"}],"version-history":[{"count":0,"href":"https:\/\/www.europesays.com\/fr\/wp-json\/wp\/v2\/posts\/462951\/revisions"}],"wp:featuredmedia":[{"embeddable":true,"href":"https:\/\/www.europesays.com\/fr\/wp-json\/wp\/v2\/media\/462952"}],"wp:attachment":[{"href":"https:\/\/www.europesays.com\/fr\/wp-json\/wp\/v2\/media?parent=462951"}],"wp:term":[{"taxonomy":"category","embeddable":true,"href":"https:\/\/www.europesays.com\/fr\/wp-json\/wp\/v2\/categories?post=462951"},{"taxonomy":"post_tag","embeddable":true,"href":"https:\/\/www.europesays.com\/fr\/wp-json\/wp\/v2\/tags?post=462951"}],"curies":[{"name":"wp","href":"https:\/\/api.w.org\/{rel}","templated":true}]}}