{"id":46297,"date":"2025-04-23T10:13:09","date_gmt":"2025-04-23T10:13:09","guid":{"rendered":"https:\/\/www.europesays.com\/fr\/46297\/"},"modified":"2025-04-23T10:13:09","modified_gmt":"2025-04-23T10:13:09","slug":"amour-gloire-et-beaute-resume-de-lepisode-du-23-avril-2025-tf1-les-resumes","status":"publish","type":"post","link":"https:\/\/www.europesays.com\/fr\/46297\/","title":{"rendered":"Amour, Gloire et Beaut\u00e9: R\u00e9sum\u00e9 de l&rsquo;\u00e9pisode du 23 avril 2025 (Tf1) | Les r\u00e9sum\u00e9s"},"content":{"rendered":"<p>                                             R\u00e9sum\u00e9 complet gratuit pour les membres aujourd&rsquo;hui  ! <a href=\"https:\/\/www.soap-passion.com\/login\" target=\"_blank\" rel=\"noopener\">Connectez-vous<\/a> !<\/p>\n<p><a href=\"https:\/\/www.soap-passion.com\/amour-gloire-et-beaute\/personnage\/907-liam.html\" target=\"_blank\" rel=\"noopener\">Liam<\/a> arrive au Giardino, et s&rsquo;approche de <a href=\"https:\/\/www.soap-passion.com\/amour-gloire-et-beaute\/personnage\/349-deacon.html\" target=\"_blank\" rel=\"noopener\">Deacon<\/a> qui est en plein service, pour lui demander ce qu&rsquo;il fabrique&#8230; C&rsquo;est \u00e9videmment \u00e0 cette histoire avec <a href=\"https:\/\/www.soap-passion.com\/amour-gloire-et-beaute\/personnage\/63-sheila.html\" target=\"_blank\" rel=\"noopener\">Sheila<\/a> qu&rsquo;il fait allusion. <a href=\"https:\/\/www.soap-passion.com\/amour-gloire-et-beaute\/personnage\/907-liam.html\" target=\"_blank\" rel=\"noopener\">Liam<\/a> se demande comment <a href=\"https:\/\/www.soap-passion.com\/amour-gloire-et-beaute\/personnage\/349-deacon.html\" target=\"_blank\" rel=\"noopener\">Deacon<\/a> peut se r\u00e9jouir du retour d&rsquo;une sociopathe comme elle ; <a href=\"https:\/\/www.soap-passion.com\/amour-gloire-et-beaute\/personnage\/349-deacon.html\" target=\"_blank\" rel=\"noopener\">Deacon<\/a> a-t-il oubli\u00e9 tous ses crimes ? <a href=\"https:\/\/www.soap-passion.com\/amour-gloire-et-beaute\/personnage\/349-deacon.html\" target=\"_blank\" rel=\"noopener\">Deacon<\/a> r\u00e9pond qu&rsquo;ils ne la voient simplement pas du m\u00eame \u0153il : <a href=\"https:\/\/www.soap-passion.com\/amour-gloire-et-beaute\/personnage\/63-sheila.html\" target=\"_blank\" rel=\"noopener\">Sheila<\/a> est bien plus que \u00e7a. Choqu\u00e9 est un mot trop faible pour d\u00e9finir la r\u00e9action de <a href=\"https:\/\/www.soap-passion.com\/amour-gloire-et-beaute\/personnage\/907-liam.html\" target=\"_blank\" rel=\"noopener\">Liam<\/a> : Tout le monde \u00e9tait convaincu que <a href=\"https:\/\/www.soap-passion.com\/amour-gloire-et-beaute\/personnage\/63-sheila.html\" target=\"_blank\" rel=\"noopener\">Sheila<\/a> \u00e9tait morte ! <a href=\"https:\/\/www.soap-passion.com\/amour-gloire-et-beaute\/personnage\/349-deacon.html\" target=\"_blank\" rel=\"noopener\">Deacon<\/a> lui sugg\u00e8re de voir les choses du bon c\u00f4t\u00e9 : Au moins, <a href=\"https:\/\/www.soap-passion.com\/amour-gloire-et-beaute\/personnage\/344-steffy.html\" target=\"_blank\" rel=\"noopener\">Steffy<\/a> n&rsquo;aura pas \u00e0 vivre hant\u00e9e par l&rsquo;id\u00e9e d&rsquo;avoir tu\u00e9 la m\u00e8re de son mari&#8230; &#8230;<\/p>\n<p class=\"text-center fst-italic m-5 pb-5\">Pour suivre le prochain \u00e9pisode de \u00ab\u00a0Amour, Gloire et Beaut\u00e9\u00a0\u00bb en France, c&rsquo;est tous les jours, sur la cha\u00eene TF1 \u00e0 10:30<\/p>\n<p>\u00a9 Soap-Passion.com &#8211; Reproduction compl\u00e8te ou partielle interdite <\/p>\n","protected":false},"excerpt":{"rendered":"R\u00e9sum\u00e9 complet gratuit pour les membres aujourd&rsquo;hui ! Connectez-vous ! Liam arrive au Giardino, et s&rsquo;approche de Deacon&hellip;\n","protected":false},"author":2,"featured_media":46298,"comment_status":"","ping_status":"","sticky":false,"template":"","format":"standard","meta":{"footnotes":""},"categories":[1356],"tags":[1376,58,59,1011,27,5050,252,1364],"class_list":{"0":"post-46297","1":"post","2":"type-post","3":"status-publish","4":"format-standard","5":"has-post-thumbnail","7":"category-television","8":"tag-amour","9":"tag-divertissement","10":"tag-entertainment","11":"tag-fr","12":"tag-france","13":"tag-gloire-et-beaute-resume-de-l","14":"tag-television","15":"tag-tv"},"share_on_mastodon":{"url":"https:\/\/pubeurope.com\/@fr\/114386750932907570","error":""},"_links":{"self":[{"href":"https:\/\/www.europesays.com\/fr\/wp-json\/wp\/v2\/posts\/46297","targetHints":{"allow":["GET"]}}],"collection":[{"href":"https:\/\/www.europesays.com\/fr\/wp-json\/wp\/v2\/posts"}],"about":[{"href":"https:\/\/www.europesays.com\/fr\/wp-json\/wp\/v2\/types\/post"}],"author":[{"embeddable":true,"href":"https:\/\/www.europesays.com\/fr\/wp-json\/wp\/v2\/users\/2"}],"replies":[{"embeddable":true,"href":"https:\/\/www.europesays.com\/fr\/wp-json\/wp\/v2\/comments?post=46297"}],"version-history":[{"count":0,"href":"https:\/\/www.europesays.com\/fr\/wp-json\/wp\/v2\/posts\/46297\/revisions"}],"wp:featuredmedia":[{"embeddable":true,"href":"https:\/\/www.europesays.com\/fr\/wp-json\/wp\/v2\/media\/46298"}],"wp:attachment":[{"href":"https:\/\/www.europesays.com\/fr\/wp-json\/wp\/v2\/media?parent=46297"}],"wp:term":[{"taxonomy":"category","embeddable":true,"href":"https:\/\/www.europesays.com\/fr\/wp-json\/wp\/v2\/categories?post=46297"},{"taxonomy":"post_tag","embeddable":true,"href":"https:\/\/www.europesays.com\/fr\/wp-json\/wp\/v2\/tags?post=46297"}],"curies":[{"name":"wp","href":"https:\/\/api.w.org\/{rel}","templated":true}]}}