{"id":462988,"date":"2025-10-14T18:32:18","date_gmt":"2025-10-14T18:32:18","guid":{"rendered":"https:\/\/www.europesays.com\/fr\/462988\/"},"modified":"2025-10-14T18:32:18","modified_gmt":"2025-10-14T18:32:18","slug":"larmee-russe-veut-pouvoir-envoyer-des-reservistes-en-ukraine","status":"publish","type":"post","link":"https:\/\/www.europesays.com\/fr\/462988\/","title":{"rendered":"L\u2019arm\u00e9e russe veut pouvoir envoyer des r\u00e9servistes en Ukraine"},"content":{"rendered":"<p>\n    Un projet de loi du minist\u00e8re de la D\u00e9fense a \u00e9t\u00e9 approuv\u00e9 lundi pour utiliser des soldats normalement d\u00e9ploy\u00e9s qu\u2019en cas de mobilisation ou de guerre.<\/p>\n<p class=\"fig-paragraph\">Moscou recrute. Ses troupes sont \u00e0 l\u2019offensive en Ukraine, subissant logiquement plus de pertes que les d\u00e9fenseurs. Pour remplacer les soldats tu\u00e9s au combat &#8211; dont le nombre demeure incertain &#8211; la Russie veut modifier les conditions d\u2019emploi des r\u00e9servistes. Lundi, un projet de loi du minist\u00e8re de la D\u00e9fense a \u00e9t\u00e9 approuv\u00e9 par une commission l\u00e9gislative \u00abqui permettra l\u2019utilisation de r\u00e9servistes pour effectuer certaines t\u00e2ches li\u00e9es \u00e0 la d\u00e9fense, en cas de conflits arm\u00e9s, lors d\u2019op\u00e9rations antiterroristes et lors de l\u2019utilisation des forces arm\u00e9es russes en dehors de la F\u00e9d\u00e9ration de Russie en les appelant pour une formation militaire sp\u00e9ciale\u00bb, selon les termes du document,\u00a0<a href=\"https:\/\/tass.ru\/armiya-i-opk\/25330739\" target=\"_blank\" rel=\"sponsored noopener nofollow\" data-gtm-custom-categorie=\"navigation\" data-gtm-custom-action=\"crossclick\" data-gtm-custom-label=\"Contextuel\" data-gtm-event=\"customEventSPE\">publi\u00e9 par l\u2019agence de presse russe TASS<\/a> .<\/p>\n<p class=\"fig-paragraph\">Jusqu\u2019\u00e0 pr\u00e9sent, les r\u00e9servistes ne peuvent \u00eatre rappel\u00e9s sous les drapeaux qu\u2019en temps de guerre &#8211; la Russie ne se consid\u00e8re pas officiellement en guerre avec l\u2019Ukraine &#8211; ou de mobilisation. Avec cette loi, les obstacles juridiques qui s\u2019opposent \u00e0 leur envoi en Ukraine seraient donc lev\u00e9s. Une manne importante puisque \u00abla r\u00e9serve active comptait deux millions de membres en octobre 2025\u00bb, souligne\u00a0<a href=\"https:\/\/understandingwar.org\/research\/uncategorized\/warning-the-kremlin-is-preparing-to-mobilize-reservists-on-a-rolling-basis-to-fight-in-ukraine-for-the-first-time\/\" target=\"_blank\" rel=\"sponsored noopener nofollow\" data-gtm-custom-categorie=\"navigation\" data-gtm-custom-action=\"crossclick\" data-gtm-custom-label=\"Contextuel\" data-gtm-event=\"customEventSPE\">l\u2019Institut am\u00e9ricain pour l\u2019\u00e9tude de la guerre (ISW)<\/a>. L\u2019arm\u00e9e russe compte deux formes de r\u00e9serve\u00a0: la r\u00e9serve active, constitu\u00e9e de volontaires ayant sign\u00e9 un contrat avec le minist\u00e8re de la D\u00e9fense et la r\u00e9serve inactive (Zapas en russe) \u00abqui comprend des hommes russes dont l\u2019\u00e2ge d\u2019enregistrement militaire peut atteindre 65-70 ans et qui ne sont pas activement affili\u00e9s aux forces arm\u00e9es russes\u00bb, souligne l\u2019ISW. Seuls les premiers seraient donc susceptibles d\u2019\u00eatre envoy\u00e9s dans les plaines du Donbass.<\/p>\n<p>                                    <a class=\"fig-a11y-skip a11y-hidden\" href=\"#fig-a11y-skip-main-inarticle\"><br \/>\n        Passer la publicit\u00e9<br \/>\n    <\/a><\/p>\n<p>L\u2019\u00e9tat de l\u2019arm\u00e9e russe<\/p>\n<p class=\"fig-paragraph\">Les seconds pourraient \u00eatre mobilis\u00e9s en cas de guerre de la Russie. Or Moscou n\u2019a jamais d\u00e9clar\u00e9 la guerre \u00e0 l\u2019Ukraine. Elle affirme y conduire une \u00abop\u00e9ration militaire sp\u00e9ciale\u00bb en Ukraine depuis le 24 f\u00e9vrier 2022 contre \u00abun r\u00e9gime nazi\u00bb \u00e0 \u00abd\u00e9militariser\u00bb. Des termes choisis avec soin car ils sous-entendent un d\u00e9ploiement rapide, sans n\u00e9cessit\u00e9 de mobilisation g\u00e9n\u00e9rale, une mesure \u00e9videmment impopulaire. Las, le Kremlin avait d\u00fb se r\u00e9soudre \u00e0 une mobilisation partielle \u00e0 l\u2019automne 2022 devant la r\u00e9sistance farouche des Ukrainiens. Des milliers de jeunes hommes avaient fui le pays et le r\u00e9gime avait \u00e9t\u00e9 malgr\u00e9 tout d\u00e9stabilis\u00e9. Depuis, et surtout apr\u00e8s la r\u00e9volte du chef de guerre\u00a0<a href=\"http:\/\/www.lefigaro.fr\/international\/centrafrique-une-statue-d-evgueni-prigojine-ex-patron-de-wagner-inauguree-a-bangui-20241205\" target=\"_blank\" data-fig-type=\"NewsFlash\" rel=\"noopener nofollow\" data-gtm-custom-categorie=\"navigation\" data-gtm-custom-action=\"crossclick\" data-gtm-custom-label=\"Contextuel\" data-gtm-event=\"customEventSPE\" data-fig-domain=\"LEFIGARO\">Evgueni Prigojine<\/a>\u00a0qui ruminait publiquement contre les d\u00e9cisions du minist\u00e8re de la D\u00e9fense, les autorit\u00e9s n\u2019ont pas d\u00e9clar\u00e9 de nouvelles mobilisations.<\/p>\n<p class=\"fig-paragraph\">La Russie r\u00e9g\u00e9n\u00e9rait ses troupes en embauchant des soldats et en leur offrant de fortes primes. \u00abLes bureaux de recrutement militaire russes ne parviennent pas \u00e0 augmenter les taux de recrutement malgr\u00e9 l\u2019augmentation des soldes &#8211; une tactique qui avait d\u00e9j\u00e0 augment\u00e9 les taux de recrutement en 2023 et 2024\u00bb, soul\u00e8ve l\u2019ISW. En sus, Moscou \u00abaurait recrut\u00e9 pr\u00e8s de 90.000 personnes au cours des trois premiers mois de 2025 en d\u00e9pensant plus que le budget total de recrutement f\u00e9d\u00e9ral pour 2025\u00bb. L\u2019arm\u00e9e russe rem\u00e9dierait \u00e0 ces probl\u00e8mes de recrutement et financiers en utilisant ces r\u00e9servistes. \u00abLa mobilisation continue obligatoire des r\u00e9servistes pourrait permettre \u00e0 la Russie de g\u00e9n\u00e9rer des forces \u00e0 moindre co\u00fbt\u00bb, r\u00e9sume l\u2019ISW. \u00abOn parle d\u2019une dizaine de milliers d\u2019hommes maximum\u00bb, pr\u00e9cise tout de m\u00eame un fin observateur du conflit.<\/p>\n<p class=\"fig-paragraph\">Surtout cet accroissement de r\u00e9serviste \u00abpourrait permettre au Kremlin de \u2019d\u00e9mobiliser\u2019 les militaires mobilis\u00e9s en 2022\u00bb, selon l\u2019institut am\u00e9ricain. Ceci tant pour \u00abapaiser une partie de la soci\u00e9t\u00e9 russe\u00bb que pour affirmer que \u00ables forces russes en Ukraine combattent sur la base du volontariat\u00bb. Cette mesure ne pr\u00e9voit donc pas un accroissement massif de combattants sur le terrain, mais plut\u00f4t une r\u00e9g\u00e9n\u00e9ration des forces en pr\u00e9sence. En Ukraine, l\u2019arm\u00e9e russe poursuit son objectif de conqu\u00eate du Donbass (une r\u00e9gion mini\u00e8re de l\u2019Est qu\u2019elle a annex\u00e9e sans la contr\u00f4ler enti\u00e8rement). Elle se concentre sur la conqu\u00eate de\u00a0<a href=\"http:\/\/www.lefigaro.fr\/international\/guerre-en-ukraine-les-russes-percent-les-nouvelles-lignes-ukrainiennes-au-nord-de-pokrovsk-20250812\" target=\"_blank\" data-fig-type=\"NewsFlash\" rel=\"noopener nofollow\" data-gtm-custom-categorie=\"navigation\" data-gtm-custom-action=\"crossclick\" data-gtm-custom-label=\"Contextuel\" data-gtm-event=\"customEventSPE\" data-fig-domain=\"LEFIGARO\">Pokrovsk<\/a>, qui est un hub\u00a0logistique important pour l\u2019arm\u00e9e ukrainienne, et\u00a0<a href=\"http:\/\/www.lefigaro.fr\/international\/dans-le-donbass-l-armee-ukrainienne-s-accroche-a-ses-dernieres-forteresses-urbaines-le-recit-de-l-envoyee-speciale-du-figaro-20250819\" target=\"_blank\" data-fig-type=\"Article\" rel=\"noopener nofollow\" data-gtm-custom-categorie=\"navigation\" data-gtm-custom-action=\"crossclick\" data-gtm-custom-label=\"Contextuel\" data-gtm-event=\"customEventSPE\" data-fig-domain=\"LEFIGARO\">Kostiantynivka<\/a>. La prise de cette derni\u00e8re ouvrirait la porte de\u00a0<a href=\"http:\/\/www.lefigaro.fr\/international\/dur-de-retourner-au-combat-ensuite-en-ukraine-femmes-et-soldats-se-retrouvent-le-temps-d-une-permission-a-kramatorsk-20250310\" target=\"_blank\" data-fig-type=\"Article\" rel=\"noopener nofollow\" data-gtm-custom-categorie=\"navigation\" data-gtm-custom-action=\"crossclick\" data-gtm-custom-label=\"Contextuel\" data-gtm-event=\"customEventSPE\" data-fig-domain=\"LEFIGARO\">Kramatorsk et Sloviansk,<\/a>\u00a0deux villes de plus de 100.000 habitants avant la guerre.<\/p>\n","protected":false},"excerpt":{"rendered":"Un projet de loi du minist\u00e8re de la D\u00e9fense a \u00e9t\u00e9 approuv\u00e9 lundi pour utiliser des soldats normalement&hellip;\n","protected":false},"author":2,"featured_media":462989,"comment_status":"","ping_status":"","sticky":false,"template":"","format":"standard","meta":{"footnotes":""},"categories":[1590],"tags":[11,1777,674,131,12,220],"class_list":{"0":"post-462988","1":"post","2":"type-post","3":"status-publish","4":"format-standard","5":"has-post-thumbnail","7":"category-ukraine","8":"tag-actualites","9":"tag-eu","10":"tag-europe","11":"tag-guerre-en-ukraine","12":"tag-news","13":"tag-ukraine"},"share_on_mastodon":{"url":"https:\/\/pubeurope.com\/@fr\/115373955129878518","error":""},"_links":{"self":[{"href":"https:\/\/www.europesays.com\/fr\/wp-json\/wp\/v2\/posts\/462988","targetHints":{"allow":["GET"]}}],"collection":[{"href":"https:\/\/www.europesays.com\/fr\/wp-json\/wp\/v2\/posts"}],"about":[{"href":"https:\/\/www.europesays.com\/fr\/wp-json\/wp\/v2\/types\/post"}],"author":[{"embeddable":true,"href":"https:\/\/www.europesays.com\/fr\/wp-json\/wp\/v2\/users\/2"}],"replies":[{"embeddable":true,"href":"https:\/\/www.europesays.com\/fr\/wp-json\/wp\/v2\/comments?post=462988"}],"version-history":[{"count":0,"href":"https:\/\/www.europesays.com\/fr\/wp-json\/wp\/v2\/posts\/462988\/revisions"}],"wp:featuredmedia":[{"embeddable":true,"href":"https:\/\/www.europesays.com\/fr\/wp-json\/wp\/v2\/media\/462989"}],"wp:attachment":[{"href":"https:\/\/www.europesays.com\/fr\/wp-json\/wp\/v2\/media?parent=462988"}],"wp:term":[{"taxonomy":"category","embeddable":true,"href":"https:\/\/www.europesays.com\/fr\/wp-json\/wp\/v2\/categories?post=462988"},{"taxonomy":"post_tag","embeddable":true,"href":"https:\/\/www.europesays.com\/fr\/wp-json\/wp\/v2\/tags?post=462988"}],"curies":[{"name":"wp","href":"https:\/\/api.w.org\/{rel}","templated":true}]}}