{"id":462990,"date":"2025-10-14T18:33:12","date_gmt":"2025-10-14T18:33:12","guid":{"rendered":"https:\/\/www.europesays.com\/fr\/462990\/"},"modified":"2025-10-14T18:33:12","modified_gmt":"2025-10-14T18:33:12","slug":"trump-annonce-le-debut-de-la-phase-2-de-laccord-sur-gaza","status":"publish","type":"post","link":"https:\/\/www.europesays.com\/fr\/462990\/","title":{"rendered":"Trump annonce le d\u00e9but de la \u00ab phase 2 \u00bb de l\u2019accord sur Gaza"},"content":{"rendered":"<p>AA \/ Washington \/ Diyar Guldogan<\/p>\n<p>Le pr\u00e9sident am\u00e9ricain Donald Trump a annonc\u00e9 mardi le lancement de la \u00ab phase deux \u00bb de l\u2019accord de cessez-le-feu \u00e0 Gaza, apr\u00e8s la lib\u00e9ration de 20 otages isra\u00e9liens dans le cadre de la premi\u00e8re \u00e9tape de l\u2019accord n\u00e9goci\u00e9 par la T\u00fcrkiye, les \u00c9tats-Unis, le Qatar et l\u2019\u00c9gypte.<\/p>\n<p>\u00ab Les vingt otages sont de retour et se portent aussi bien qu\u2019on peut l\u2019esp\u00e9rer \u00bb, a \u00e9crit Trump sur son r\u00e9seau social Truth Social.<\/p>\n<p>\u00ab Un grand poids a \u00e9t\u00e9 lev\u00e9, mais le travail n\u2019est pas fini. Les d\u00e9pouilles n\u2019ont pas \u00e9t\u00e9 rendues, comme promis ! La phase deux commence maintenant ! \u00bb, a-t-il ajout\u00e9.<\/p>\n<p>Selon les m\u00e9dias, le Hamas et Isra\u00ebl ont proc\u00e9d\u00e9 \u00e0 un \u00e9change d\u2019otages et de prisonniers, au cours duquel des centaines de Palestiniens ont \u00e9t\u00e9 lib\u00e9r\u00e9s des prisons isra\u00e9liennes, notamment du centre militaire d\u2019Ofer et d\u2019autres \u00e9tablissements situ\u00e9s dans le d\u00e9sert du N\u00e9guev. Les 20 otages isra\u00e9liens encore en vie ont \u00e9galement \u00e9t\u00e9 lib\u00e9r\u00e9s.<\/p>\n<p>La veille, Trump et le pr\u00e9sident \u00e9gyptien Abdel Fattah al-Sissi avaient tenu un sommet de haut niveau dans la station baln\u00e9aire de Charm el-Cheikh, r\u00e9unissant plusieurs dirigeants mondiaux afin de rallier un soutien international au plan de cessez-le-feu propos\u00e9 par Washington pour la bande de Gaza.<\/p>\n<p>La seconde phase de l\u2019accord pr\u00e9voit la mise en place d\u2019un nouveau m\u00e9canisme de gouvernance \u00e0 Gaza, la formation d\u2019une force multinationale et le d\u00e9sarmement du mouvement Hamas.<\/p>\n<p>Depuis octobre 2023, les attaques isra\u00e9liennes ont fait plus de 67 000 morts dans la bande de Gaza, en majorit\u00e9 des femmes et des enfants, laissant l\u2019enclave largement inhabitable.<\/p>\n<p>* traduit de l&rsquo;anglais par Ayse Betul Akcesme<\/p>\n<p>                            &#13;<br \/>\n                                <a href=\"https:\/\/www.aa.com.tr\/fr\/p\/abonnement\/1001\" target=\"_blank\" style=\"font-size:12px; color:#444; text-decoration:none;\" rel=\"nofollow noopener\">&#13;<br \/>\n                                    Seulement une partie des d\u00e9p\u00eaches, que l&rsquo;Agence Anadolu diffuse \u00e0 ses abonn\u00e9s via le Syst\u00e8me de Diffusion interne (HAS), est diffus\u00e9e sur le site de l&rsquo;AA, de mani\u00e8re r\u00e9sum\u00e9e. <b style=\"color:#1897F7\">Contactez-nous s&rsquo;il vous pla\u00eet pour vous abonner.<\/b>&#13;<br \/>\n                                <\/a>&#13;<\/p>\n","protected":false},"excerpt":{"rendered":"AA \/ Washington \/ Diyar Guldogan Le pr\u00e9sident am\u00e9ricain Donald Trump a annonc\u00e9 mardi le lancement de la&hellip;\n","protected":false},"author":2,"featured_media":462991,"comment_status":"","ping_status":"","sticky":false,"template":"","format":"standard","meta":{"footnotes":""},"categories":[1589],"tags":[4295,11,1785,75,73,1866,665,12,58706,1864,1865,1863,308],"class_list":{"0":"post-462990","1":"post","2":"type-post","3":"status-publish","4":"format-standard","5":"has-post-thumbnail","7":"category-etats-unis","8":"tag-tats-unis","9":"tag-actualites","10":"tag-anadolu-ajansi","11":"tag-donald-trump","12":"tag-etats-unis","13":"tag-etats-unis-damerique","14":"tag-gaza","15":"tag-news","16":"tag-seconde-phase","17":"tag-united-states","18":"tag-united-states-of-america","19":"tag-us","20":"tag-usa"},"share_on_mastodon":{"url":"https:\/\/pubeurope.com\/@fr\/115373958991999010","error":""},"_links":{"self":[{"href":"https:\/\/www.europesays.com\/fr\/wp-json\/wp\/v2\/posts\/462990","targetHints":{"allow":["GET"]}}],"collection":[{"href":"https:\/\/www.europesays.com\/fr\/wp-json\/wp\/v2\/posts"}],"about":[{"href":"https:\/\/www.europesays.com\/fr\/wp-json\/wp\/v2\/types\/post"}],"author":[{"embeddable":true,"href":"https:\/\/www.europesays.com\/fr\/wp-json\/wp\/v2\/users\/2"}],"replies":[{"embeddable":true,"href":"https:\/\/www.europesays.com\/fr\/wp-json\/wp\/v2\/comments?post=462990"}],"version-history":[{"count":0,"href":"https:\/\/www.europesays.com\/fr\/wp-json\/wp\/v2\/posts\/462990\/revisions"}],"wp:featuredmedia":[{"embeddable":true,"href":"https:\/\/www.europesays.com\/fr\/wp-json\/wp\/v2\/media\/462991"}],"wp:attachment":[{"href":"https:\/\/www.europesays.com\/fr\/wp-json\/wp\/v2\/media?parent=462990"}],"wp:term":[{"taxonomy":"category","embeddable":true,"href":"https:\/\/www.europesays.com\/fr\/wp-json\/wp\/v2\/categories?post=462990"},{"taxonomy":"post_tag","embeddable":true,"href":"https:\/\/www.europesays.com\/fr\/wp-json\/wp\/v2\/tags?post=462990"}],"curies":[{"name":"wp","href":"https:\/\/api.w.org\/{rel}","templated":true}]}}