{"id":462994,"date":"2025-10-14T18:35:20","date_gmt":"2025-10-14T18:35:20","guid":{"rendered":"https:\/\/www.europesays.com\/fr\/462994\/"},"modified":"2025-10-14T18:35:20","modified_gmt":"2025-10-14T18:35:20","slug":"comment-lallemagne-veut-faire-travailler-ses-retraites","status":"publish","type":"post","link":"https:\/\/www.europesays.com\/fr\/462994\/","title":{"rendered":"comment l\u2019Allemagne veut faire travailler ses retrait\u00e9s"},"content":{"rendered":"<p>De quoi inspirer la France\u00a0? Selon le\u00a0<a class=\"Link\" href=\"https:\/\/www.ft.com\/content\/b39dda3d-de8e-40d1-89f8-46bfad0b126e\" target=\"_blank\" title=\"\" data-gtm=\"click:capsule\" data-capsule=\"Lien\" rel=\"nofollow noopener\">Financial Times<\/a>, le chancelier allemand Friedrich Merz envisage de lutter contre la p\u00e9nurie de main-d&rsquo;\u0153uvre en mettant \u00e0 contribution les retrait\u00e9s. Les Allemands pourraient ainsi choisir de travailler au-del\u00e0 de l&rsquo;\u00e2ge de la retraite (67\u00a0ans) et toucher jusqu&rsquo;\u00e0\u00a02\u00a0000 euros nets d&rsquo;imp\u00f4t par mois.<\/p>\n<p>Cette mesure devrait \u00eatre adopt\u00e9e au Bundestag, le Parlement allemand, ce mardi 14\u00a0octobre, avant une entr\u00e9e en vigueur le 1er\u00a0janvier 2026.\u00a0Selon le projet de loi consult\u00e9 par le Financial Times, elle devrait co\u00fbter 890\u00a0millions d&rsquo;euros par an. Ce chiffre correspond au manque \u00e0 gagner fiscal pour les 285\u00a0000 retrait\u00e9s qui travaillent d\u00e9j\u00e0, et qui b\u00e9n\u00e9ficieront de cette mesure.\u00a0Il pourrait \u00eatre\u00a0plus proche de 1,4\u00a0milliard d&rsquo;euros, quelque 340\u00a0000 travailleurs pouvant b\u00e9n\u00e9ficier de cette incitation fiscale.<\/p>\n<p>Cette mesure r\u00e9pond \u00e0 un d\u00e9fi structurel\u00a0: le march\u00e9 du travail en <a class=\"Link\" href=\"https:\/\/www.lepoint.fr\/tags\/allemagne\" data-gtm=\"click:capsule\" data-capsule=\"Lien\" rel=\"nofollow noopener\" target=\"_blank\">Allemagne<\/a> est confront\u00e9 \u00e0 un double probl\u00e8me. D&rsquo;un c\u00f4t\u00e9, les\u00a0baby-boomers (les personnes n\u00e9es entre la fin de la Seconde Guerre mondiale et le milieu des ann\u00e9es 1960) vont prendre progressivement leur retraite dans les ann\u00e9es qui viennent. Ils seront 4,8\u00a0millions, soit 9\u00a0% de la population active, d&rsquo;ici \u00e0 2035.<\/p>\n<p>Rendre le travail attractif<\/p>\n<p>De l&rsquo;autre, de moins en moins de jeunes entrent sur le march\u00e9 du travail, quand bien m\u00eame l&rsquo;Allemagne\u00a0pr\u00e9sente l&rsquo;un des taux de ch\u00f4mage des jeunes les plus bas d&rsquo;Europe (entre 6,3 et 6,5\u00a0%). \u00ab\u00a0Cela entra\u00eene une p\u00e9nurie de main-d&rsquo;\u0153uvre qualifi\u00e9e dans de nombreux secteurs\u00a0\u00bb, indique le projet de loi \u2013 d&rsquo;autant que l&rsquo;Allemagne a l&rsquo;une des dur\u00e9es moyennes de travail la plus courte de l&rsquo;OCDE.<\/p>\n<p>Le travail apr\u00e8s la retraite est bien entendu autoris\u00e9\u00a0outre-Rhin, mais les dirigeants allemands souhaitent le rendre plus attractif, notamment gr\u00e2ce \u00e0 des all\u00e8gements fiscaux. Friedrich Merz pourrait ainsi prendre l&rsquo;exemple de la Gr\u00e8ce, qui fait des \u00ab\u00a0cadeaux\u00a0\u00bb fiscaux \u00e0 ses retrait\u00e9s.<\/p>\n<p>Le pouvoir grec leur permet notamment de conserver l&rsquo;int\u00e9gralit\u00e9 de leur pension et de soumettre leurs revenus suppl\u00e9mentaires \u00e0 un taux d&rsquo;imposition r\u00e9duit de 10\u00a0%. Cons\u00e9quence\u00a0: le nombre de retrait\u00e9s actifs est pass\u00e9 de 35\u00a0000 en\u00a02023\u00a0\u00e0 plus de 250\u00a0000 en septembre\u00a02025.<\/p>\n<p>Des effets positifs<\/p>\n<p>L&rsquo;incitation fiscale contribuera \u00e9galement \u00e0 \u00ab\u00a0conserver plus longtemps l&rsquo;exp\u00e9rience et les connaissances dans les entreprises\u00a0\u00bb et entra\u00eenera \u00ab\u00a0une augmentation globale du taux d&#8217;emploi, favorisant ainsi la croissance \u00e9conomique et l&rsquo;augmentation des recettes publiques\u00a0\u00bb, pr\u00e9dit le projet de loi.<\/p>\n<p>\n\u00c0 D\u00e9couvrir<br \/>\n<strong class=\"discover-kangourou__line\"><br \/>\n<img decoding=\"async\" class=\"discover-kangourou__img\" src=\"https:\/\/static.lpnt.fr\/static\/img\/kangourou\/kangourou_filled.svg\"\/><br \/>\n<strong class=\"discover-kangourou__txt\"><br \/>\n<strong>Le Kangourou du jour<\/strong><br \/>\n<a href=\"https:\/\/kangourou.lepoint.fr\" title=\"kangourou\" data-gtm-cta=\"kangourou_article\" class=\"discover-kangourou__lnk\" rel=\"nofollow noopener\" target=\"_blank\"><br \/>\nR\u00e9pondre<br \/>\n<\/a><br \/>\n<\/strong><br \/>\n<\/strong><br \/>\nEmploy\u00e9s et employeurs paieront des cotisations sociales sur les salaires, pour \u00e9viter \u00e0 la mesure de trop peser sur les syst\u00e8mes de retraite et de sant\u00e9 allemands. Le nombre de b\u00e9n\u00e9ficiaires des nouvelles mesures devrait augmenter avec le temps, estime\u00a0Holger Schmieding, \u00e9conomiste en chef \u00e0 la Berenberg Bank.<\/p>\n<p>Il croit \u00e0\u00a0des effets positifs sur la croissance et les cotisations sociales \u00ab\u00a0qui compenseront largement les co\u00fbts d&rsquo;ici deux \u00e0 trois ans\u00a0\u00bb. \u00ab\u00a0C&rsquo;est \u00e9galement le signe que la soci\u00e9t\u00e9 appr\u00e9cie la contribution des personnes \u00e2g\u00e9es qui d\u00e9cident de rester actives et d&rsquo;apporter leur contribution\u00a0\u00bb, a-t-il d\u00e9clar\u00e9, ajoutant\u00a0: \u00ab\u00a0Cela aura un effet psychologique positif \u00e0 long terme.\u00a0\u00bb<\/p>\n<p>Toute l\u2019actualit\u00e9 \u00e0 1\u20ac le premier mois<\/p>\n<p><a href=\"https:\/\/abo.lepoint.fr\/?provenance=21EDI020098\" class=\"btn\" title=\"S&#039;abonner\" data-gtm=\"click:abo|display:abo\" data-campaign=\"paywall_maison\" rel=\"nofollow noopener\" target=\"_blank\">S&rsquo;abonner<\/a><\/p>\n<p>ou<\/p>\n","protected":false},"excerpt":{"rendered":"De quoi inspirer la France\u00a0? Selon le\u00a0Financial Times, le chancelier allemand Friedrich Merz envisage de lutter contre la&hellip;\n","protected":false},"author":2,"featured_media":462995,"comment_status":"","ping_status":"","sticky":false,"template":"","format":"standard","meta":{"footnotes":""},"categories":[1587],"tags":[11,672,1804,1805,1803,1777,674,4710,1801,12,1802],"class_list":{"0":"post-462994","1":"post","2":"type-post","3":"status-publish","4":"format-standard","5":"has-post-thumbnail","7":"category-allemagne","8":"tag-actualites","9":"tag-allemagne","10":"tag-bundesrepublik-deutschland","11":"tag-de","12":"tag-deutschland","13":"tag-eu","14":"tag-europe","15":"tag-friedrich-merz","16":"tag-germany","17":"tag-news","18":"tag-republique-federale-dallemagne"},"share_on_mastodon":{"url":"https:\/\/pubeurope.com\/@fr\/115373967474469316","error":""},"_links":{"self":[{"href":"https:\/\/www.europesays.com\/fr\/wp-json\/wp\/v2\/posts\/462994","targetHints":{"allow":["GET"]}}],"collection":[{"href":"https:\/\/www.europesays.com\/fr\/wp-json\/wp\/v2\/posts"}],"about":[{"href":"https:\/\/www.europesays.com\/fr\/wp-json\/wp\/v2\/types\/post"}],"author":[{"embeddable":true,"href":"https:\/\/www.europesays.com\/fr\/wp-json\/wp\/v2\/users\/2"}],"replies":[{"embeddable":true,"href":"https:\/\/www.europesays.com\/fr\/wp-json\/wp\/v2\/comments?post=462994"}],"version-history":[{"count":0,"href":"https:\/\/www.europesays.com\/fr\/wp-json\/wp\/v2\/posts\/462994\/revisions"}],"wp:featuredmedia":[{"embeddable":true,"href":"https:\/\/www.europesays.com\/fr\/wp-json\/wp\/v2\/media\/462995"}],"wp:attachment":[{"href":"https:\/\/www.europesays.com\/fr\/wp-json\/wp\/v2\/media?parent=462994"}],"wp:term":[{"taxonomy":"category","embeddable":true,"href":"https:\/\/www.europesays.com\/fr\/wp-json\/wp\/v2\/categories?post=462994"},{"taxonomy":"post_tag","embeddable":true,"href":"https:\/\/www.europesays.com\/fr\/wp-json\/wp\/v2\/tags?post=462994"}],"curies":[{"name":"wp","href":"https:\/\/api.w.org\/{rel}","templated":true}]}}