{"id":463011,"date":"2025-10-14T18:46:13","date_gmt":"2025-10-14T18:46:13","guid":{"rendered":"https:\/\/www.europesays.com\/fr\/463011\/"},"modified":"2025-10-14T18:46:13","modified_gmt":"2025-10-14T18:46:13","slug":"bem-vindo-a-motogp-diogo-moreira-qui-est-la-pepite-bresilienne","status":"publish","type":"post","link":"https:\/\/www.europesays.com\/fr\/463011\/","title":{"rendered":"Bem-vindo \u00e0 MotoGP\u2122, Diogo Moreira\u00a0! Qui est la p\u00e9pite br\u00e9silienne\u00a0?"},"content":{"rendered":"<p>Apr\u00e8s des mois de sp\u00e9culations, la grille de d\u00e9part de la saison MotoGP\u2122 2026 est enfin compl\u00e8te. La derni\u00e8re pi\u00e8ce du puzzle a \u00e9t\u00e9 plac\u00e9e avant le Grand Prix d&rsquo;Australie, <a href=\"https:\/\/www.motogp.com\/fr\/news\/2025\/10\/14\/confirmed-diogo-moreira-to-join-honda-lcr-from-2026\/760923\" target=\"_blank\" rel=\"noopener\">Diogo Moreira (Italtrans Racing Team) ayant sign\u00e9 un contrat pluriannuel avec LCR Honda en MotoGP\u2122<\/a>.<\/p>\n<p>Le Br\u00e9silien \u00e9tait l&rsquo;un des pilotes les plus convoit\u00e9s du paddock, plusieurs constructeurs \u00e9tant apparemment int\u00e9ress\u00e9s par sa signature. C&rsquo;est finalement Honda qui a remport\u00e9 la bataille, s&rsquo;assurant les services d&rsquo;un pilote consid\u00e9r\u00e9 comme l&rsquo;une des jeunes stars les plus prometteuses de ce sport.<\/p>\n<p>Diogo Moreira sera l&rsquo;un des deux rookies sur la grille de d\u00e9part en 2026 aux c\u00f4t\u00e9s de Toprak Razgatlioglu, qui d\u00e9barque tout droit du WorldSBK. Il deviendra \u00e9galement le premier Br\u00e9silien \u00e0 piloter dans l&rsquo;\u00e9lite depuis Alex Barros, ic\u00f4ne de ce sport dans les ann\u00e9es 1990 et d\u00e9but 2000. Mais qui est Diogo Moreira ?<\/p>\n<p>Du motocross \u00e0 S\u00e3o Paulo \u00e0 la sc\u00e8ne europ\u00e9enne<\/p>\n<p>Originaire de Guarulhos, dans l&rsquo;\u00c9tat de S\u00e3o Paulo, Diogo Moreira commence sa carri\u00e8re dans le motocross br\u00e9silien avant de s&rsquo;installer en Espagne en 2017 pour poursuivre une carri\u00e8re sur asphalte. D\u00e9termin\u00e9 \u00e0 se faire un nom, il gravit les \u00e9chelons en junior au niveau europ\u00e9en, o\u00f9 il obtient des r\u00e9sultats impressionnants.<\/p>\n<p>C&rsquo;est en Red Bull Rookies Cup que Diogo Moreira se fait v\u00e9ritablement remarquer puisque le jeune homme termine sixi\u00e8me du g\u00e9n\u00e9ral en 2021 avec quatre podiums \u00e0 son actif. Sa vitesse et sa r\u00e9gularit\u00e9 lui ouvrent les portes du Championnat du Monde Moto3\u2122 avec MT Helmets &#8211; MSI en 2022.<\/p>\n<p>Moto3\u2122 : l&rsquo;\u00e9mergence d&rsquo;une star<\/p>\n<p>Le Br\u00e9silien se fait imm\u00e9diatement remarquer en d\u00e9crochant une s\u00e9rie de top 10 qui lui permettent d&rsquo;\u00eatre sacr\u00e9 rookie de l&rsquo;ann\u00e9e. Lors de la manche d&rsquo;ouverture de sa deuxi\u00e8me saison, il s&rsquo;offre son premier podium au Portugal, rapidement suivi d&rsquo;un deuxi\u00e8me en Argentine.<\/p>\n<p>\n                        Diogo Moreira, Indonesian GP, 2023\n                <\/p>\n<p>\n                    Diogo Moreira, Indonesian GP, 2023\n            <\/p>\n<p>Il remporte sa toute premi\u00e8re victoire en Championnat du Monde lors de la 15e manche en Indon\u00e9sie et termine huiti\u00e8me du g\u00e9n\u00e9ral. Ses performances suffisent \u00e0 convaincre l&rsquo;\u00e9quipe Italtrans Racing Moto2\u2122 de lui proposer un contrat dans la cat\u00e9gorie interm\u00e9diaire pour 2024.<\/p>\n<p>Moto2\u2122 : il fait ses preuves<\/p>\n<p>Sa premi\u00e8re ann\u00e9e dans la cat\u00e9gorie interm\u00e9diaire est en dents de scie mais son rythme s&rsquo;am\u00e9liore progressivement \u00e0 mesure qu&rsquo;il s&rsquo;adapte \u00e0 une machine plus exigeante. \u00c0 la fin de la saison, il s&rsquo;offre son premier podium en Moto2\u2122 lors de la manche finale \u00e0 Barcelone et rafle un nouveau titre de rookie de l&rsquo;ann\u00e9e.<\/p>\n<p>\n                        Diogo Moreira, Austrian GP, 2025\n                <\/p>\n<p>\n                    Diogo Moreira, Austrian GP, 2025\n            <\/p>\n<p>Ce n&rsquo;\u00e9tait qu&rsquo;un avant-go\u00fbt de ce qui allait se passer en 2025, ann\u00e9e o\u00f9 le Br\u00e9silien va devenir une v\u00e9ritable star de la cat\u00e9gorie. Habitu\u00e9 du top 5, il signe deux podiums cons\u00e9cutifs \u00e0 Silverstone et Aragon et m\u00eame une premi\u00e8re victoire \u00e0 Assen, qui fait de lui un pr\u00e9tendant au titre. C&rsquo;est le premier des trois succ\u00e8s du pilote Italtrans, les deux autres ayant lieu en Autriche et en Indon\u00e9sie. \u00c0 l&rsquo;heure o\u00f9 on \u00e9crit ces lignes, il accuse neuf longueurs de retard sur son rival Manuel Gonz\u00e1lez (Liqui Moly Dynavolt Intact GP).<\/p>\n<p>Le nouveau grand espoir du Br\u00e9sil<\/p>\n<p>Son passage en cat\u00e9gorie reine \u00e9tant d\u00e9sormais sign\u00e9 et scell\u00e9, son objectif de fin de saison est de remporter son premier titre de Champion du Monde. Le Br\u00e9sil n&rsquo;a jamais \u00e9t\u00e9 titr\u00e9 en Grand Prix, et Diogo Moreira peut changer cela s&rsquo;il parvient \u00e0 surclasser Manuel Gonz\u00e1lez dans ce sprint final.<\/p>\n<p>Ses d\u00e9buts en MotoGP\u2122 co\u00efncideront \u00e9galement avec le retour tr\u00e8s attendu du Grand Prix du Br\u00e9sil au calendrier en mars 2026. Si tout se passe comme pr\u00e9vu, Diogo Moreira roulera devant ses fans d\u00e8s sa deuxi\u00e8me sortie en MotoGP\u2122, ce qui constituera une \u00e9tape riche en \u00e9motions pour lui et la communaut\u00e9 passionn\u00e9e des sports m\u00e9caniques au Br\u00e9sil.<\/p>\n<p>Le n\u00b010 et le r\u00eave devenu r\u00e9alit\u00e9<\/p>\n<p>Tout au long de sa carri\u00e8re, Diogo Moreira a fi\u00e8rement arbor\u00e9 le n\u00b010 mais cela va changer la saison prochaine, celui-ci \u00e9tant d\u00e9j\u00e0 utilis\u00e9 par son futur coll\u00e8gue Luca Marini (Honda HRC Castrol). C&rsquo;est toutefois un petit prix \u00e0 payer pour r\u00e9aliser son r\u00eave de toujours : une place en cat\u00e9gorie reine du Championnat du Monde de moto.<\/p>\n<p>Il fera ses d\u00e9buts en MotoGP\u2122 lors du Test post-saison de Valence dans un mois mais avant cela, il reste concentr\u00e9 sur la lutte pour le titre Moto2\u2122 2025. Ne manque pas le Grand Prix d&rsquo;Australie pour comprendre pourquoi Honda a mis\u00e9 sur cette p\u00e9pite br\u00e9silienne.<\/p>\n<p>\u00a0<\/p>\n<p>\u00a0<\/p>\n","protected":false},"excerpt":{"rendered":"Apr\u00e8s des mois de sp\u00e9culations, la grille de d\u00e9part de la saison MotoGP\u2122 2026 est enfin compl\u00e8te. La&hellip;\n","protected":false},"author":2,"featured_media":463012,"comment_status":"","ping_status":"","sticky":false,"template":"","format":"standard","meta":{"footnotes":""},"categories":[1413],"tags":[1011,27,1457,1456,60,2032],"class_list":{"0":"post-463011","1":"post","2":"type-post","3":"status-publish","4":"format-standard","5":"has-post-thumbnail","7":"category-moto","8":"tag-fr","9":"tag-france","10":"tag-moto","11":"tag-motocycle","12":"tag-sports","13":"tag-text"},"share_on_mastodon":{"url":"https:\/\/pubeurope.com\/@fr\/115374010141584506","error":""},"_links":{"self":[{"href":"https:\/\/www.europesays.com\/fr\/wp-json\/wp\/v2\/posts\/463011","targetHints":{"allow":["GET"]}}],"collection":[{"href":"https:\/\/www.europesays.com\/fr\/wp-json\/wp\/v2\/posts"}],"about":[{"href":"https:\/\/www.europesays.com\/fr\/wp-json\/wp\/v2\/types\/post"}],"author":[{"embeddable":true,"href":"https:\/\/www.europesays.com\/fr\/wp-json\/wp\/v2\/users\/2"}],"replies":[{"embeddable":true,"href":"https:\/\/www.europesays.com\/fr\/wp-json\/wp\/v2\/comments?post=463011"}],"version-history":[{"count":0,"href":"https:\/\/www.europesays.com\/fr\/wp-json\/wp\/v2\/posts\/463011\/revisions"}],"wp:featuredmedia":[{"embeddable":true,"href":"https:\/\/www.europesays.com\/fr\/wp-json\/wp\/v2\/media\/463012"}],"wp:attachment":[{"href":"https:\/\/www.europesays.com\/fr\/wp-json\/wp\/v2\/media?parent=463011"}],"wp:term":[{"taxonomy":"category","embeddable":true,"href":"https:\/\/www.europesays.com\/fr\/wp-json\/wp\/v2\/categories?post=463011"},{"taxonomy":"post_tag","embeddable":true,"href":"https:\/\/www.europesays.com\/fr\/wp-json\/wp\/v2\/tags?post=463011"}],"curies":[{"name":"wp","href":"https:\/\/api.w.org\/{rel}","templated":true}]}}