{"id":463027,"date":"2025-10-14T18:54:12","date_gmt":"2025-10-14T18:54:12","guid":{"rendered":"https:\/\/www.europesays.com\/fr\/463027\/"},"modified":"2025-10-14T18:54:12","modified_gmt":"2025-10-14T18:54:12","slug":"cette-icone-de-la-pop-russe-defie-moscou-en-exil-tout-ce-que-je-peux-faire-cest-me-tenir-loin-de-ces-dingues","status":"publish","type":"post","link":"https:\/\/www.europesays.com\/fr\/463027\/","title":{"rendered":"Cette ic\u00f4ne de la pop russe d\u00e9fie Moscou en exil : \u00ab\u00a0Tout ce que je peux faire, c&rsquo;est me tenir loin de ces dingues\u00a0\u00bb"},"content":{"rendered":"<p class=\"text-left ap-StoryElement ap-StoryElement--mb ap-StoryText\">La musique en guise d&rsquo;arme\u200a: l&rsquo;artiste russe Monetotchka, chanteuse pop de 27 ans, a quitt\u00e9 la Russie en 2022 apr\u00e8s l&rsquo;invasion en Ukraine, et s&rsquo;est donn\u00e9 pour mission de soutenir la diaspora russe et tous ceux qui ne peuvent protester contre la guerre, la propagande, et la r\u00e9pression dans leur pays natal.\u00a0\u00bbCela me fait beaucoup de peine de voir la jeune g\u00e9n\u00e9ration grandir dans un environnement o\u00f9 la guerre, la violence et la cruaut\u00e9 sont monnaie courante\u00a0\u00bb, a d\u00e9clar\u00e9 Monetotchka, de son vrai nom Elizaveta Andreevna Gyrdymov, lors d&rsquo;une r\u00e9union de l&rsquo;association Russie-Libert\u00e9s samedi dernier \u00e0 Paris.\u00a0\u00bbTout ce que je peux faire, c&rsquo;est me tenir loin de ces dingues et soutenir ceux qu&rsquo;ils ont pris en otage.\u00a0\u00bbL&rsquo;artiste, install\u00e9e en Lituanie, a \u00e9t\u00e9 qualifi\u00e9e d'\u00a0\u00bbagent \u00e9tranger\u00a0\u00bb par les autorit\u00e9s russes, et figure sur une liste des personnes recherch\u00e9es.<\/p>\n<p><a href=\"https:\/\/www.lalibre.be\/international\/europe\/guerre-ukraine-russie\/2025\/10\/14\/guerre-en-ukraine-le-kremlin-se-prepare-a-mobiliser-des-reservistes-volontaires-une-premiere-X7NMUVYIL5APLJ3V2TH5TFWOOU\/\" target=\"_blank\" rel=\"noopener noreferrer\" class=\"ap-StoryInterstitialLink ap-StoryElement ap-StoryElement--mb js-paywall-target\">Guerre en Ukraine : le Kremlin se pr\u00e9pare \u00e0 mobiliser des r\u00e9servistes volontaires, une premi\u00e8re<\/a><\/p>\n<p class=\"text-left ap-StoryElement ap-StoryElement--mb ap-StoryText\">Ces poursuites ont complexifi\u00e9 la logistique de ses tourn\u00e9es et l&rsquo;ont priv\u00e9e d&rsquo;une importante source de revenus. Auparavant, elle attirait les foules en Serbie ou en Turquie. Elle doit d\u00e9sormais \u00e9viter les pays amis du Kremlin, et choisir ses compagnies a\u00e9riennes avec soin pour \u00e9viter une extradition vers la Russie. Malgr\u00e9 tout, Monetotchka a r\u00e9ussi \u00e0 donner un nouveau souffle \u00e0 sa carri\u00e8re. Actuellement en tourn\u00e9e, elle se produira dans des dizaines de pays, dont les \u00c9tats-Unis, l&rsquo;Australie et le Japon. Son dernier album date de 2024 et elle travaille \u00e0 un nouvel opus. L&rsquo;artiste, devenue c\u00e9l\u00e8bre d\u00e8s ses 17 ans, a vu sa popularit\u00e9 cro\u00eetre encore depuis son exil. Un tube, qui \u00e9voque la nostalgie d&rsquo;une Russie d&rsquo;avant-guerre perdue, est notamment devenu viral sur <a href=\"https:\/\/www.lalibre.be\/economie\/entreprises-startup\/2025\/06\/27\/socialsky-la-start-up-qui-veut-faire-decoller-laudience-des-marques-sur-tiktok-nous-affichons-une-croissance-qui-se-situe-entre-45-et-50-par-an-WZ6J5YOJBNGTTA63CKRBLQLIVM\/\" target=\"_self\" rel=\"noopener\">TikTok<\/a>, o\u00f9 Monetotchka compte 3,6 millions d&rsquo;abonn\u00e9s. Malgr\u00e9 la criminalisation de la dissidence, les chansons de Monetotchka n&rsquo;ont pas \u00e9t\u00e9 interdites en Russie. D&rsquo;apr\u00e8s elle, ses fans sont plus nombreux dans le pays depuis le d\u00e9but de la guerre. Elle surnomme ses chansons \u00ab\u00a0notre code secret\u00a0\u00bb, esp\u00e9rant qu&rsquo;elles aident ses fans en Russie \u00e0 survivre aux jours sombres.<\/p>\n<p class=\"text-left ap-StoryElement ap-StoryElement--mb ap-StoryText\">Si elle a pu faire ses bagages et partir lorsque la guerre a \u00e9clat\u00e9, elle assure conna\u00eetre des artistes r\u00e9duits au silence en raison des pressions exerc\u00e9es par le <a href=\"https:\/\/www.lalibre.be\/international\/europe\/guerre-ukraine-russie\/2025\/10\/14\/qui-est-cet-ancien-oligarque-le-plus-riche-de-russie-qui-serait-en-train-de-preparer-un-coup-detat-violent-UXTQICWKVZDT3PYYV7RMQFJPXM\/\" target=\"_self\" rel=\"noopener\">Kremlin <\/a>sur eux et leurs familles. La chanteuse, qui a eu deux enfants en exil, a aussi eu ses mots\u200a:\u00a0\u00bb\u00c0 quoi bon tout cet h\u00e9ro\u00efsme s&rsquo;il n&rsquo;y a pas de simple bonheur humain\u200a?\u00a0\u00bb<\/p>\n<p><a href=\"https:\/\/www.lalibre.be\/international\/europe\/guerre-ukraine-russie\/2025\/10\/07\/les-russes-pourraient-etre-prets-a-la-guerre-nous-devons-egalement-nous-y-preparer-avertit-un-commissaire-europeen-L44QXAWLFNFALALTCSLX4V7ZTY\/\" target=\"_blank\" rel=\"noopener noreferrer\" class=\"ap-StoryInterstitialLink ap-StoryElement ap-StoryElement--mb\">Les services de renseignements allemands ont \u00ab\u00a0des preuves que le Kremlin envisage une attaque contre l&rsquo;OTAN\u00a0\u00bb, selon un commissaire europ\u00e9en<\/a><\/p>\n","protected":false},"excerpt":{"rendered":"La musique en guise d&rsquo;arme\u200a: l&rsquo;artiste russe Monetotchka, chanteuse pop de 27 ans, a quitt\u00e9 la Russie en&hellip;\n","protected":false},"author":2,"featured_media":463028,"comment_status":"","ping_status":"","sticky":false,"template":"","format":"standard","meta":{"footnotes":""},"categories":[1355],"tags":[2122,58,59,1011,27,1361,873],"class_list":{"0":"post-463027","1":"post","2":"type-post","3":"status-publish","4":"format-standard","5":"has-post-thumbnail","7":"category-musique","8":"tag-conflit-russie-ukraine","9":"tag-divertissement","10":"tag-entertainment","11":"tag-fr","12":"tag-france","13":"tag-music","14":"tag-musique"},"share_on_mastodon":{"url":"https:\/\/pubeurope.com\/@fr\/115374041768437891","error":""},"_links":{"self":[{"href":"https:\/\/www.europesays.com\/fr\/wp-json\/wp\/v2\/posts\/463027","targetHints":{"allow":["GET"]}}],"collection":[{"href":"https:\/\/www.europesays.com\/fr\/wp-json\/wp\/v2\/posts"}],"about":[{"href":"https:\/\/www.europesays.com\/fr\/wp-json\/wp\/v2\/types\/post"}],"author":[{"embeddable":true,"href":"https:\/\/www.europesays.com\/fr\/wp-json\/wp\/v2\/users\/2"}],"replies":[{"embeddable":true,"href":"https:\/\/www.europesays.com\/fr\/wp-json\/wp\/v2\/comments?post=463027"}],"version-history":[{"count":0,"href":"https:\/\/www.europesays.com\/fr\/wp-json\/wp\/v2\/posts\/463027\/revisions"}],"wp:featuredmedia":[{"embeddable":true,"href":"https:\/\/www.europesays.com\/fr\/wp-json\/wp\/v2\/media\/463028"}],"wp:attachment":[{"href":"https:\/\/www.europesays.com\/fr\/wp-json\/wp\/v2\/media?parent=463027"}],"wp:term":[{"taxonomy":"category","embeddable":true,"href":"https:\/\/www.europesays.com\/fr\/wp-json\/wp\/v2\/categories?post=463027"},{"taxonomy":"post_tag","embeddable":true,"href":"https:\/\/www.europesays.com\/fr\/wp-json\/wp\/v2\/tags?post=463027"}],"curies":[{"name":"wp","href":"https:\/\/api.w.org\/{rel}","templated":true}]}}