{"id":463058,"date":"2025-10-14T19:11:09","date_gmt":"2025-10-14T19:11:09","guid":{"rendered":"https:\/\/www.europesays.com\/fr\/463058\/"},"modified":"2025-10-14T19:11:09","modified_gmt":"2025-10-14T19:11:09","slug":"quel-comedy-club-vient-prendre-ses-quartiers-au-marche-du-lez","status":"publish","type":"post","link":"https:\/\/www.europesays.com\/fr\/463058\/","title":{"rendered":"quel Comedy club vient prendre ses quartiers au March\u00e9 du Lez\u00a0?"},"content":{"rendered":"<p>            Par<br \/>\n        <strong><br \/>\n            <a href=\"https:\/\/actu.fr\/auteur\/metropoop\" title=\"Consulter tous les articles de R\u00e9daction M\u00e9tropolitain\" rel=\"nofollow noopener\" target=\"_blank\">R\u00e9daction M\u00e9tropolitain<\/a><br \/>\n        <\/strong><\/p>\n<p>        Publi\u00e9 le<\/p>\n<p>            14 oct. 2025 \u00e0 20h37        <\/p>\n<p>Le <strong>Redline<\/strong> <strong>Comedy Club<\/strong> change la sc\u00e8ne montpelli\u00e9raine et transforme le <strong>Coyot Bar<\/strong>, au<strong> March\u00e9 du Lez<\/strong>, \u00e0 <strong>Montpellier<\/strong>, en stand-up ! Place aux <strong>punchlines<\/strong>, aux <strong>fous rires<\/strong> et \u00e0 une<strong> ambiance 100 % d\u00e9tente<\/strong>. Le concept est simple : on prend un verre, on s\u2019installe, et on se laisse embarquer par<strong> les humoristes les plus dr\u00f4les du moment<\/strong>.<\/p>\n<p>Un nouveau rendez-vous humour\u00a0<\/p>\n<p class=\" wall-content\">Tous les<strong> mercredis d\u00e8s 20h<\/strong>, le Coyot Bar devient ainsi le temple du rire. Le Redline Comedy Club y propose des soir\u00e9es pleine d\u2019humour m\u00ealant stand-up, impro, humour piquant ou absurde. Sur sc\u00e8ne, <strong>des artistes locaux et des talents \u00e9mergents<\/strong> viennent tester leurs meilleurs textes et surprendre le public.<\/p>\n<p>D\u00e9tente, rires et bons petits plats :<\/p>\n<p>Entre deux \u00e9clats de rire, les spectateurs peuvent savourer les incontournables du Coyot Bar : d\u00e9licieuses brochettes, croque-monsieur, tenders croustillants et frites au cheddar fondant.<\/p>\n<p>    <a href=\"https:\/\/www.google.com\/maps\/embed?pb=!1m18!1m12!1m3!1d3085.3127627737467!2d3.903388876385099!3d43.59282317110494!2m3!1f0!2f0!3f0!3m2!1i1024!2i768!4f13.1!3m3!1m2!1s0x12b6afa0dbe6434d%3A0xe27ccbd94aa4393c!2sCOYOT%20bar!5e1!3m2!1sfr!2sfr!4v1760439681022!5m2!1sfr!2sfr\" title=\"Ouvrie le lien\" rel=\"nofollow noopener\" target=\"_blank\">Cliquez ici pour visualiser le contenu<\/a><\/p>\n<p>Un lieu hybride et festif<\/p>\n<p class=\" wall-content\">L\u2019id\u00e9e est de plonger dans l\u2019ambiance unique du Redline, entre bar \u00e0 cocktails et sc\u00e8ne ouverte. Un lieu hybride o\u00f9 se m\u00ealent humour, partage et esprit festif, pour des soir\u00e9es montpelli\u00e9raines sous le signe de la convivialit\u00e9. Rendez-vous ce mercredi soir pour celles et ceux qui adorent rire aux \u00e9clats.<\/p>\n<p>Vid\u00e9os : en ce moment sur Actu<\/p>\n<p><strong>&gt; <\/strong>Bar et Comedy Club by Le Redline X Coyot, au Coyot \u2013 March\u00e9 du Lez, \u00e0 Montpellier. Tous les mercredis \u00e0 partir de 20h. R\u00e9servations au 07 85 90 34 50.\u00a0<\/p>\n<p class=\" wall-content\">Personnalisez votre actualit\u00e9 en ajoutant vos villes et m\u00e9dias en favori avec <a href=\"https:\/\/moncompte.actu.fr\" title=\"D\u00e9couvez Mon Actu\" rel=\"nofollow noopener\" data-trk=\"{&quot;cta&quot;:{&quot;action&quot;:&quot;https:\\\/\\\/moncompte.actu.fr&quot;,&quot;category&quot;:&quot;mon compte&quot;,&quot;from&quot;:&quot;article footer&quot;,&quot;name&quot;:&quot;Mon actu&quot;,&quot;type&quot;:&quot;cta&quot;}}\" target=\"_blank\">Mon Actu<\/a>.<\/p>\n","protected":false},"excerpt":{"rendered":"Par R\u00e9daction M\u00e9tropolitain Publi\u00e9 le 14 oct. 2025 \u00e0 20h37 Le Redline Comedy Club change la sc\u00e8ne montpelli\u00e9raine&hellip;\n","protected":false},"author":2,"featured_media":463059,"comment_status":"","ping_status":"","sticky":false,"template":"","format":"standard","meta":{"footnotes":""},"categories":[9599],"tags":[1111,11,1777,674,1011,27,708,1652,2208,12,2680,25],"class_list":{"0":"post-463058","1":"post","2":"type-post","3":"status-publish","4":"format-standard","5":"has-post-thumbnail","7":"category-montpellier","8":"tag-actu","9":"tag-actualites","10":"tag-eu","11":"tag-europe","12":"tag-fr","13":"tag-france","14":"tag-humour","15":"tag-loisirs-culture","16":"tag-montpellier","17":"tag-news","18":"tag-occitanie","19":"tag-republique-francaise"},"share_on_mastodon":{"url":"https:\/\/pubeurope.com\/@fr\/115374108532144224","error":""},"_links":{"self":[{"href":"https:\/\/www.europesays.com\/fr\/wp-json\/wp\/v2\/posts\/463058","targetHints":{"allow":["GET"]}}],"collection":[{"href":"https:\/\/www.europesays.com\/fr\/wp-json\/wp\/v2\/posts"}],"about":[{"href":"https:\/\/www.europesays.com\/fr\/wp-json\/wp\/v2\/types\/post"}],"author":[{"embeddable":true,"href":"https:\/\/www.europesays.com\/fr\/wp-json\/wp\/v2\/users\/2"}],"replies":[{"embeddable":true,"href":"https:\/\/www.europesays.com\/fr\/wp-json\/wp\/v2\/comments?post=463058"}],"version-history":[{"count":0,"href":"https:\/\/www.europesays.com\/fr\/wp-json\/wp\/v2\/posts\/463058\/revisions"}],"wp:featuredmedia":[{"embeddable":true,"href":"https:\/\/www.europesays.com\/fr\/wp-json\/wp\/v2\/media\/463059"}],"wp:attachment":[{"href":"https:\/\/www.europesays.com\/fr\/wp-json\/wp\/v2\/media?parent=463058"}],"wp:term":[{"taxonomy":"category","embeddable":true,"href":"https:\/\/www.europesays.com\/fr\/wp-json\/wp\/v2\/categories?post=463058"},{"taxonomy":"post_tag","embeddable":true,"href":"https:\/\/www.europesays.com\/fr\/wp-json\/wp\/v2\/tags?post=463058"}],"curies":[{"name":"wp","href":"https:\/\/api.w.org\/{rel}","templated":true}]}}