{"id":463062,"date":"2025-10-14T19:13:11","date_gmt":"2025-10-14T19:13:11","guid":{"rendered":"https:\/\/www.europesays.com\/fr\/463062\/"},"modified":"2025-10-14T19:13:11","modified_gmt":"2025-10-14T19:13:11","slug":"seine-maritime-un-foyer-de-grippe-aviaire-en-pays-de-caux","status":"publish","type":"post","link":"https:\/\/www.europesays.com\/fr\/463062\/","title":{"rendered":"Seine-Maritime. Un foyer de grippe aviaire en pays de Caux"},"content":{"rendered":"<p melodystyle=\"texte\">\u00ab\u00a0Un foyer d&rsquo;influenza aviaire hautement pathog\u00e8ne (IAHP) vient d&rsquo;\u00eatre confirm\u00e9 ce mardi 14\u00a0octobre dans un \u00e9levage multi esp\u00e8ces (pintades, canards, poules, oies\u2026) dans la commune de Luneray\u00a0\u00bb, pr\u00e9vient la pr\u00e9fecture dans un communiqu\u00e9.\u00a0Une op\u00e9ration d&rsquo;abattage de tous les oiseaux pr\u00e9sents dans l&rsquo;\u00e9levage va \u00eatre men\u00e9e par les services de l&rsquo;\u00c9tat.<\/p>\n<p>\u00ab\u00a0Dans ces p\u00e9rim\u00e8tres, tous les lieux de d\u00e9tention de volailles et d&rsquo;oiseaux captifs sont soumis \u00e0 des prescriptions sp\u00e9cifiques\u00a0\u00bb<\/p>\n<p melodystyle=\"texte\">Pour \u00e9viter tout risque de diffusion du virus \u00e0 d&rsquo;autres \u00e9levages, le pr\u00e9fet de la Seine-Maritime a pris un arr\u00eat\u00e9 qui d\u00e9finit des zones r\u00e9glement\u00e9es dites de protection (ZP) et de surveillance (ZS), mises en place dans un rayon de 3 et 10\u00a0kilom\u00e8tres autour de l&rsquo;\u00e9levage (voir ci-dessous).<\/p>\n<p melodystyle=\"texte\">\u00ab\u00a0Dans ces p\u00e9rim\u00e8tres, tous les lieux de d\u00e9tention de volailles et d&rsquo;oiseaux captifs sont soumis \u00e0 des prescriptions sp\u00e9cifiques\u00a0\u00bb, pr\u00e9viennent les pouvoirs publics. En particulier, les transports de volailles et autres oiseaux captifs sont interdits sauf d\u00e9rogations accord\u00e9es par la Direction d\u00e9partementale de la protection des populations (DDPP). La surveillance est renforc\u00e9e par la r\u00e9alisation d&rsquo;autocontr\u00f4les qui sont rendus obligatoires par arr\u00eat\u00e9 pr\u00e9fectoral pour les \u00e9leveurs d\u00e9tenant 250 volailles et plus.<\/p>\n<p melodystyle=\"texte\"><b>Communes de la zone de 3\u00a0km\u00a0: <\/b>Avremesnil\u00a0; Brachy\u00a0; Crasville-la-Rocquefort\u00a0; La Gaillarde\u00a0; Greuville\u00a0; Gruchet-Saint-Sim\u00e9on\u00a0; Gueures\u00a0; Lammerville\u00a0; Luneray\u00a0; Rainfreville\u00a0; Saint-Pierre-Le-Vieux\u00a0; Saint-Pierre-Le-Viger et V\u00e9nestanville.<\/p>\n<p melodystyle=\"texte\"><b>Communes de la zone de 10\u00a0km\u00a0: <\/b>Ambrumesnil\u00a0; Angiens\u00a0; Val-de-Sa\u00e2ne\u00a0; Auppegard\u00a0; Autigny\u00a0; Auzouville-sur-Sa\u00e2ne\u00a0; Avremesnil\u00a0; Bacqueville-en-Caux\u00a0; Beauval-en-Caux\u00a0; Belmesnil\u00a0; B\u00e9nesville Bertreville-Saint-Ouen\u00a0; Biville-la-Rivi\u00e8re\u00a0; Blosseville\u00a0; Le Bourg-Dun\u00a0; Bourville\u00a0; Brametot\u00a0; Bretteville-Saint-Laurent\u00a0; Canville-les-deux-\u00c9glises\u00a0; La Chapelle-sur-Dun\u00a0; Colmesnil-Manneville\u00a0; Ermenouville\u00a0; Fontaine-le-Dun\u00a0; Gonnetot\u00a0; Gonzeville\u00a0; Hautot-Sur-Mer\u00a0; H\u00e9berville\u00a0; Hermanville\u00a0; Houdetot Lamberville\u00a0; Lestanville\u00a0; Lintot-les-Bois\u00a0; Longueil\u00a0; Man\u00e9houville\u00a0; Offranville\u00a0; Omonville\u00a0; Ouville-la-Rivi\u00e8re\u00a0; Pr\u00e9tot-Vicquemare\u00a0; Quiberville\u00a0; Reuville\u00a0; Royville\u00a0; Sa\u00e2ne-Saint-Just\u00a0; Saint-Aubin-sur-Mer Saint-Denis-d&rsquo;Aclon\u00a0; Saint-Laurent-en-Caux\u00a0; Saint-Mards\u00a0; Sainte-Marguerite-sur-Mer\u00a0; Saint-Ouen-le-Mauger\u00a0; Saint-Pierre-B\u00e9nouville\u00a0; Sassetot-Le-Malgard\u00e9\u00a0; Sauqueville\u00a0; Sotteville-sur-Mer\u00a0; Thil-Manneville\u00a0; Tocqueville-en-Caux\u00a0; Le Torp-Mesnil\u00a0; Varengeville-sur-Mer et Veules-les-Roses.<\/p>\n","protected":false},"excerpt":{"rendered":"\u00ab\u00a0Un foyer d&rsquo;influenza aviaire hautement pathog\u00e8ne (IAHP) vient d&rsquo;\u00eatre confirm\u00e9 ce mardi 14\u00a0octobre dans un \u00e9levage multi esp\u00e8ces&hellip;\n","protected":false},"author":2,"featured_media":463063,"comment_status":"","ping_status":"","sticky":false,"template":"","format":"standard","meta":{"footnotes":""},"categories":[9587],"tags":[1111,11,1777,674,1011,27,12,5161,25,9590],"class_list":{"0":"post-463062","1":"post","2":"type-post","3":"status-publish","4":"format-standard","5":"has-post-thumbnail","7":"category-rouen","8":"tag-actu","9":"tag-actualites","10":"tag-eu","11":"tag-europe","12":"tag-fr","13":"tag-france","14":"tag-news","15":"tag-normandie","16":"tag-republique-francaise","17":"tag-rouen"},"share_on_mastodon":{"url":"https:\/\/pubeurope.com\/@fr\/115374116360223251","error":""},"_links":{"self":[{"href":"https:\/\/www.europesays.com\/fr\/wp-json\/wp\/v2\/posts\/463062","targetHints":{"allow":["GET"]}}],"collection":[{"href":"https:\/\/www.europesays.com\/fr\/wp-json\/wp\/v2\/posts"}],"about":[{"href":"https:\/\/www.europesays.com\/fr\/wp-json\/wp\/v2\/types\/post"}],"author":[{"embeddable":true,"href":"https:\/\/www.europesays.com\/fr\/wp-json\/wp\/v2\/users\/2"}],"replies":[{"embeddable":true,"href":"https:\/\/www.europesays.com\/fr\/wp-json\/wp\/v2\/comments?post=463062"}],"version-history":[{"count":0,"href":"https:\/\/www.europesays.com\/fr\/wp-json\/wp\/v2\/posts\/463062\/revisions"}],"wp:featuredmedia":[{"embeddable":true,"href":"https:\/\/www.europesays.com\/fr\/wp-json\/wp\/v2\/media\/463063"}],"wp:attachment":[{"href":"https:\/\/www.europesays.com\/fr\/wp-json\/wp\/v2\/media?parent=463062"}],"wp:term":[{"taxonomy":"category","embeddable":true,"href":"https:\/\/www.europesays.com\/fr\/wp-json\/wp\/v2\/categories?post=463062"},{"taxonomy":"post_tag","embeddable":true,"href":"https:\/\/www.europesays.com\/fr\/wp-json\/wp\/v2\/tags?post=463062"}],"curies":[{"name":"wp","href":"https:\/\/api.w.org\/{rel}","templated":true}]}}