{"id":463076,"date":"2025-10-14T19:20:22","date_gmt":"2025-10-14T19:20:22","guid":{"rendered":"https:\/\/www.europesays.com\/fr\/463076\/"},"modified":"2025-10-14T19:20:22","modified_gmt":"2025-10-14T19:20:22","slug":"une-expo-avec-visites-commentees-ce-samedi","status":"publish","type":"post","link":"https:\/\/www.europesays.com\/fr\/463076\/","title":{"rendered":"une expo avec visites comment\u00e9es ce samedi"},"content":{"rendered":"<p>L\u2019exposition, visible en ce moment \u00e0 la m\u00e9diath\u00e8que protestante du Stift, met en lumi\u00e8re <a href=\"https:\/\/www.dna.fr\/culture-loisirs\/2025\/09\/14\/la-guerre-des-paysans-vue-sous-l-angle-religieux\" target=\"_blank\" rel=\"nofollow noopener\">la dimension religieuse de la guerre des Paysans<\/a> , en se focalisant sur le contexte alsacien. Elle montre en quoi les diff\u00e9rentes tendances du protestantisme naissant jouent un r\u00f4le d\u00e9terminant dans la r\u00e9volution de 1525. Ensuite, elle analyse d\u2019une part la dimension r\u00e9solument chr\u00e9tienne des revendications des paysans et d\u2019autre part le r\u00f4le des diff\u00e9rents r\u00e9formateurs face \u00e0 l\u2019\u00e9v\u00e9nement.<\/p>\n<p>  Plus ancienne biblioth\u00e8que de Strasbourg existante<\/p>\n<p>Outre des manuscrits majeurs de l\u2019\u00e9pisode en Alsace, l\u2019exposition pr\u00e9sente les diff\u00e9rents textes produits dans le flot de cette r\u00e9volution, dont une rarissime \u00e9dition strasbourgeoise des douze articles des paysans mais aussi, notamment, les trait\u00e9s de Martin Luther publi\u00e9s en r\u00e9action \u00e0 cette r\u00e9volution oubli\u00e9e.<\/p>\n<p>Ces livres sont principalement issus des collections patrimoniales de la M\u00e9diath\u00e8que, que l\u2019autre visite propos\u00e9e le samedi 18\u00a0octobre vous permettra de d\u00e9couvrir.<\/p>\n<p>Plus ancienne biblioth\u00e8que de Strasbourg encore existante, la m\u00e9diath\u00e8que protestante du Stift est l\u2019h\u00e9riti\u00e8re d\u2019une biblioth\u00e8que cr\u00e9\u00e9e \u00e0 la toute fin de la d\u00e9cennie 1540. Elle conserve d\u2019importantes collections patrimoniales qui t\u00e9moignent de la richesse d\u2019une institution \u00e9ducative protestante cr\u00e9\u00e9e au milieu de la Renaissance\u00a0: une centaine d\u2019incunables, des trait\u00e9s humanistes comme ceux d\u2019\u00c9rasme ou de Reuchlin, de nombreux textes des premiers r\u00e9formateurs comme Luther et Bucer. De nombreuses \u00e9ditions anciennes de la Bible sont \u00e9galement conserv\u00e9es dans ses collections, mais aussi plein d\u2019autres merveilles, comme des ouvrages autour de disciplines profanes comme l\u2019astronomie, la g\u00e9ographie ou encore la philosophie.<\/p>\n<p class=\"note\">\u00ab\u00a0Avec son sang couleur de rose. La guerre des paysans en Alsace, une guerre de religion\u00a0?\u00a0\u00bb, \u00e0 la m\u00e9diath\u00e8que protestante du Stift, 1b, quai Saint-Thomas \u00e0 Strasbourg, jusqu\u2019au 31\u00a0octobre (les apr\u00e8s-midi en semaine, le mercredi toute la journ\u00e9e). Entr\u00e9e libre.<\/p>\n<p class=\"note\">Samedi 18\u00a0octobre de 14\u00a0h \u00e0 18\u00a0h, ouverture exceptionnelle de la M\u00e9diath\u00e8que protestante du Stift\u00a0: guerre des Paysans et fonds ancien. R\u00e9servation recommand\u00e9e, une visite toutes les heures.<\/p>\n","protected":false},"excerpt":{"rendered":"L\u2019exposition, visible en ce moment \u00e0 la m\u00e9diath\u00e8que protestante du Stift, met en lumi\u00e8re la dimension religieuse de&hellip;\n","protected":false},"author":2,"featured_media":463077,"comment_status":"","ping_status":"","sticky":false,"template":"","format":"standard","meta":{"footnotes":""},"categories":[2820],"tags":[1111,11,1687,2880,1777,674,2271,107,1011,27,775,12,25,640,2879],"class_list":{"0":"post-463076","1":"post","2":"type-post","3":"status-publish","4":"format-standard","5":"has-post-thumbnail","7":"category-strasbourg","8":"tag-actu","9":"tag-actualites","10":"tag-culture-loisirs","11":"tag-edition-strasbourg","12":"tag-eu","13":"tag-europe","14":"tag-exposition-arts-plastiques","15":"tag-fil-info","16":"tag-fr","17":"tag-france","18":"tag-grand-est","19":"tag-news","20":"tag-republique-francaise","21":"tag-strasbourg","22":"tag-strasbourg-ville"},"share_on_mastodon":{"url":"https:\/\/pubeurope.com\/@fr\/115374143872060330","error":""},"_links":{"self":[{"href":"https:\/\/www.europesays.com\/fr\/wp-json\/wp\/v2\/posts\/463076","targetHints":{"allow":["GET"]}}],"collection":[{"href":"https:\/\/www.europesays.com\/fr\/wp-json\/wp\/v2\/posts"}],"about":[{"href":"https:\/\/www.europesays.com\/fr\/wp-json\/wp\/v2\/types\/post"}],"author":[{"embeddable":true,"href":"https:\/\/www.europesays.com\/fr\/wp-json\/wp\/v2\/users\/2"}],"replies":[{"embeddable":true,"href":"https:\/\/www.europesays.com\/fr\/wp-json\/wp\/v2\/comments?post=463076"}],"version-history":[{"count":0,"href":"https:\/\/www.europesays.com\/fr\/wp-json\/wp\/v2\/posts\/463076\/revisions"}],"wp:featuredmedia":[{"embeddable":true,"href":"https:\/\/www.europesays.com\/fr\/wp-json\/wp\/v2\/media\/463077"}],"wp:attachment":[{"href":"https:\/\/www.europesays.com\/fr\/wp-json\/wp\/v2\/media?parent=463076"}],"wp:term":[{"taxonomy":"category","embeddable":true,"href":"https:\/\/www.europesays.com\/fr\/wp-json\/wp\/v2\/categories?post=463076"},{"taxonomy":"post_tag","embeddable":true,"href":"https:\/\/www.europesays.com\/fr\/wp-json\/wp\/v2\/tags?post=463076"}],"curies":[{"name":"wp","href":"https:\/\/api.w.org\/{rel}","templated":true}]}}