{"id":463090,"date":"2025-10-14T19:27:17","date_gmt":"2025-10-14T19:27:17","guid":{"rendered":"https:\/\/www.europesays.com\/fr\/463090\/"},"modified":"2025-10-14T19:27:17","modified_gmt":"2025-10-14T19:27:17","slug":"une-premiere-boum-enflamme-la-residence-aquarelia-haute-garonne-toulouse","status":"publish","type":"post","link":"https:\/\/www.europesays.com\/fr\/463090\/","title":{"rendered":"Une premi\u00e8re Boum enflamme la r\u00e9sidence Aquarelia &#8211; Haute Garonne &#8211; Toulouse"},"content":{"rendered":"<p>                    <img width=\"1280\" height=\"960\" src=\"https:\/\/www.europesays.com\/fr\/wp-content\/uploads\/2025\/10\/IMG_6313.jpeg\" class=\"img-fluid landscape wp-post-image\" alt=\"La premi\u00e8re Boum des vieux heureux\" itemprop=\"image\" decoding=\"async\" fetchpriority=\"high\"  \/>                    <\/p>\n<p itemprop=\"name\">\n                                                La premi\u00e8re Boum des vieux heureux<br \/>\n                         Cr\u00e9dits :<br \/>\n                            MS31\n                                                <\/p>\n<p><strong>Jeudi dernier, la r\u00e9sidence services seniors Aquarelia de Rangueil a vibr\u00e9. Une quarantaine de personnes ont particip\u00e9 \u00e0 ce moment festif organis\u00e9 dans le cadre de la premi\u00e8re Boum des vieux heureux.<\/strong>&#13;<br \/>\n&#13;<br \/>\nEntre 15h et 17h, la r\u00e9sidence de Rangueil s&rsquo;est transform\u00e9e en piste de danse. R\u00e9sidents et seniors du quartier se sont retrouv\u00e9s pour une apr\u00e8s-midi plac\u00e9e sous le signe de la convivialit\u00e9 et de la bonne humeur. Au total, une quarantaine de participants ont r\u00e9pondu pr\u00e9sent \u00e0 l&rsquo;appel de la musique.&#13;<br \/>\n&#13;<br \/>\nCette initiative s&rsquo;inscrit dans une d\u00e9marche plus large d&rsquo;Aquarelia, qui a organis\u00e9 simultan\u00e9ment cet \u00e9v\u00e9nement dans l&rsquo;ensemble de ses r\u00e9sidences \u00e0 travers la France. L&rsquo;objectif affich\u00e9 est clair : briser les st\u00e9r\u00e9otypes li\u00e9s au vieillissement et montrer que la vie apr\u00e8s 70 ans peut \u00eatre riche et \u00e9panouissante.&#13;<br \/>\n&#13;<br \/>\nLa r\u00e9sidence de Rangueil, l&rsquo;une des six implantations Aquarelia dans la r\u00e9gion toulousaine, compte 96 appartements ind\u00e9pendants. Elle propose \u00e0 ses r\u00e9sidents un cadre de vie moderne et s\u00e9curis\u00e9, avec des espaces communs propices aux rencontres et aux activit\u00e9s.<\/p>\n<p>                Cet article est r\u00e9serv\u00e9 aux abonn\u00e9s.<\/p>\n<p class=\"signature\" itemscope=\"\" itemprop=\"Author\" itemtype=\"http:\/\/schema.org\/Person\">\n                MS31\n            <\/p>\n","protected":false},"excerpt":{"rendered":"La premi\u00e8re Boum des vieux heureux Cr\u00e9dits : MS31 Jeudi dernier, la r\u00e9sidence services seniors Aquarelia de Rangueil&hellip;\n","protected":false},"author":2,"featured_media":463091,"comment_status":"","ping_status":"","sticky":false,"template":"","format":"standard","meta":{"footnotes":""},"categories":[2816],"tags":[1111,11,1777,674,1011,27,12,2680,301,25,2312],"class_list":{"0":"post-463090","1":"post","2":"type-post","3":"status-publish","4":"format-standard","5":"has-post-thumbnail","7":"category-toulouse","8":"tag-actu","9":"tag-actualites","10":"tag-eu","11":"tag-europe","12":"tag-fr","13":"tag-france","14":"tag-news","15":"tag-occitanie","16":"tag-premium","17":"tag-republique-francaise","18":"tag-toulouse"},"share_on_mastodon":{"url":"https:\/\/pubeurope.com\/@fr\/115374171449287895","error":""},"_links":{"self":[{"href":"https:\/\/www.europesays.com\/fr\/wp-json\/wp\/v2\/posts\/463090","targetHints":{"allow":["GET"]}}],"collection":[{"href":"https:\/\/www.europesays.com\/fr\/wp-json\/wp\/v2\/posts"}],"about":[{"href":"https:\/\/www.europesays.com\/fr\/wp-json\/wp\/v2\/types\/post"}],"author":[{"embeddable":true,"href":"https:\/\/www.europesays.com\/fr\/wp-json\/wp\/v2\/users\/2"}],"replies":[{"embeddable":true,"href":"https:\/\/www.europesays.com\/fr\/wp-json\/wp\/v2\/comments?post=463090"}],"version-history":[{"count":0,"href":"https:\/\/www.europesays.com\/fr\/wp-json\/wp\/v2\/posts\/463090\/revisions"}],"wp:featuredmedia":[{"embeddable":true,"href":"https:\/\/www.europesays.com\/fr\/wp-json\/wp\/v2\/media\/463091"}],"wp:attachment":[{"href":"https:\/\/www.europesays.com\/fr\/wp-json\/wp\/v2\/media?parent=463090"}],"wp:term":[{"taxonomy":"category","embeddable":true,"href":"https:\/\/www.europesays.com\/fr\/wp-json\/wp\/v2\/categories?post=463090"},{"taxonomy":"post_tag","embeddable":true,"href":"https:\/\/www.europesays.com\/fr\/wp-json\/wp\/v2\/tags?post=463090"}],"curies":[{"name":"wp","href":"https:\/\/api.w.org\/{rel}","templated":true}]}}