{"id":463094,"date":"2025-10-14T19:29:29","date_gmt":"2025-10-14T19:29:29","guid":{"rendered":"https:\/\/www.europesays.com\/fr\/463094\/"},"modified":"2025-10-14T19:29:29","modified_gmt":"2025-10-14T19:29:29","slug":"don-du-sang-rendez-vous-a-roubaix-le-6-novembre","status":"publish","type":"post","link":"https:\/\/www.europesays.com\/fr\/463094\/","title":{"rendered":"Don du sang : rendez-vous \u00e0 Roubaix le 6 novembre !"},"content":{"rendered":"<p class=\"introduction\">Donner son sang, c\u2019est offrir une chance de survie \u00e0 des milliers de personnes. \u00c0 Roubaix, une collecte de sang aura lieu le jeudi 6 novembre 2025, salle Watremez. Ce rendez-vous essentiel se tiendra de 10h30 \u00e0 13h et de 15h \u00e0 19h.<\/p>\n<p>Pourquoi donner son sang ?<\/p>\n<p>Chaque ann\u00e9e, des milliers de malades, accident\u00e9s ou personnes souffrant de maladies chroniques d\u00e9pendent des dons de sang. En une heure \u00e0 peine, votre geste peut sauver jusqu\u2019\u00e0 trois vies.<\/p>\n<p><strong>Les dons sont particuli\u00e8rement n\u00e9cessaires en cette p\u00e9riode automnale<\/strong>, souvent marqu\u00e9e par une baisse des r\u00e9serves sanguines. Que vous soyez un donneur r\u00e9gulier ou que ce soit votre premi\u00e8re fois, chaque don compte.<\/p>\n<p>Une collecte dans des conditions optimales<\/p>\n<p>Organis\u00e9e par une \u00e9quipe m\u00e9dicale qualifi\u00e9e, la collecte se d\u00e9roulera dans un cadre s\u00e9curis\u00e9 et adapt\u00e9. Voici quelques conseils pour bien vous pr\u00e9parer :<\/p>\n<ul>\n<li><strong>Hydratez-vous<\/strong> avant de venir, cela facilite le pr\u00e9l\u00e8vement.<\/li>\n<li>Prenez un <strong>repas l\u00e9ger<\/strong>, mais ne venez pas \u00e0 jeun.<\/li>\n<li>N\u2019h\u00e9sitez pas \u00e0 poser toutes vos questions \u00e0 l\u2019\u00e9quipe sur place, qui vous accompagnera \u00e0 chaque \u00e9tape.<\/li>\n<\/ul>\n<p>Un acte simple, un impact immense<\/p>\n<p>En participant \u00e0 cette collecte, vous rejoignez une cha\u00eene de solidarit\u00e9 exceptionnelle. Vous contribuez \u00e0 maintenir les r\u00e9serves n\u00e9cessaires pour des transfusions vitales, et chaque goutte compte.<\/p>\n<p>Alors, bloquez la date dans votre agenda et mobilisez vos proches ! Ensemble, montrons que Roubaix est une ville solidaire.<\/p>\n<p>Pour plus d\u2019informations sur le don de sang, rendez-vous sur le site de l\u2019\u00c9tablissement Fran\u00e7ais du Sang (EFS).<\/p>\n<p>Quelques informations utiles pour ceux qui n\u2019ont jamais donn\u00e9 leur sang :<\/p>\n<ul>\n<li><strong>Hydratez-vous bien<\/strong> avant de venir.<\/li>\n<li><strong>Prenez un repas l\u00e9ger<\/strong> avant le don.<\/li>\n<li><strong>Pr\u00e9voyez environ une heure<\/strong> pour l\u2019ensemble du processus, de l\u2019accueil au moment de repos apr\u00e8s le don.<\/li>\n<\/ul>\n<p>Le don de sang est un geste de solidarit\u00e9 et de citoyennet\u00e9. \u00c0 l\u2019approche des vacances d\u2019\u00e9t\u00e9, o\u00f9 les r\u00e9serves de sang peuvent diminuer, votre participation est encore plus cruciale.<\/p>\n<p>Alors, mobilisons-nous et faisons preuve de solidarit\u00e9 ! Nous comptons sur vous le 27 juin \u00e0 la R\u00e9sidence les Jardins du V\u00e9lodrome. Votre g\u00e9n\u00e9rosit\u00e9 peut faire toute la diff\u00e9rence.<\/p>\n<p><strong>Rendez-vous le jeudi 6 novembre ! Ensemble, sauvons des vies.<\/strong><\/p>\n","protected":false},"excerpt":{"rendered":"Donner son sang, c\u2019est offrir une chance de survie \u00e0 des milliers de personnes. \u00c0 Roubaix, une collecte&hellip;\n","protected":false},"author":2,"featured_media":175786,"comment_status":"","ping_status":"","sticky":false,"template":"","format":"standard","meta":{"footnotes":""},"categories":[2815],"tags":[1111,11,10957,15931,1777,674,1011,27,811,1307,12,25],"class_list":{"0":"post-463094","1":"post","2":"type-post","3":"status-publish","4":"format-standard","5":"has-post-thumbnail","7":"category-lille","8":"tag-actu","9":"tag-actualites","10":"tag-collecte","11":"tag-don-du-sang","12":"tag-eu","13":"tag-europe","14":"tag-fr","15":"tag-france","16":"tag-hauts-de-france","17":"tag-lille","18":"tag-news","19":"tag-republique-francaise"},"share_on_mastodon":{"url":"https:\/\/pubeurope.com\/@fr\/115374179263215203","error":""},"_links":{"self":[{"href":"https:\/\/www.europesays.com\/fr\/wp-json\/wp\/v2\/posts\/463094","targetHints":{"allow":["GET"]}}],"collection":[{"href":"https:\/\/www.europesays.com\/fr\/wp-json\/wp\/v2\/posts"}],"about":[{"href":"https:\/\/www.europesays.com\/fr\/wp-json\/wp\/v2\/types\/post"}],"author":[{"embeddable":true,"href":"https:\/\/www.europesays.com\/fr\/wp-json\/wp\/v2\/users\/2"}],"replies":[{"embeddable":true,"href":"https:\/\/www.europesays.com\/fr\/wp-json\/wp\/v2\/comments?post=463094"}],"version-history":[{"count":0,"href":"https:\/\/www.europesays.com\/fr\/wp-json\/wp\/v2\/posts\/463094\/revisions"}],"wp:featuredmedia":[{"embeddable":true,"href":"https:\/\/www.europesays.com\/fr\/wp-json\/wp\/v2\/media\/175786"}],"wp:attachment":[{"href":"https:\/\/www.europesays.com\/fr\/wp-json\/wp\/v2\/media?parent=463094"}],"wp:term":[{"taxonomy":"category","embeddable":true,"href":"https:\/\/www.europesays.com\/fr\/wp-json\/wp\/v2\/categories?post=463094"},{"taxonomy":"post_tag","embeddable":true,"href":"https:\/\/www.europesays.com\/fr\/wp-json\/wp\/v2\/tags?post=463094"}],"curies":[{"name":"wp","href":"https:\/\/api.w.org\/{rel}","templated":true}]}}