{"id":463097,"date":"2025-10-14T19:31:16","date_gmt":"2025-10-14T19:31:16","guid":{"rendered":"https:\/\/www.europesays.com\/fr\/463097\/"},"modified":"2025-10-14T19:31:16","modified_gmt":"2025-10-14T19:31:16","slug":"un-vibrant-hommage-pour-noah-paulin-jeune-footballeur-disparu-tragiquement-a-seulement-22-ans-a-marseille","status":"publish","type":"post","link":"https:\/\/www.europesays.com\/fr\/463097\/","title":{"rendered":"Un vibrant hommage pour Noah Paulin, jeune footballeur disparu tragiquement \u00e0 seulement 22 ans \u00e0 Marseille"},"content":{"rendered":"<p>Il faisait l\u2019unanimit\u00e9 aussi bien sur les terrains qu\u2019en dehors. Jeune d\u00e9fenseur central ayant notamment port\u00e9 les couleurs de l\u2019USPEG, des Caillols, d\u2019Istres, d\u2019Aix ou de Mazargues, Noah Paulin a perdu la vie subitement \u00e0 l\u2019\u00e2ge de 22\u00a0ans dans un accident de la circulation \u00e0 bord de son scooter, la semaine pass\u00e9e \u00e0 Marseille.<\/p>\n<p><img alt=\"Des fumig\u00e8nes ont aussi \u00e9t\u00e9 allum\u00e9s en sa m\u00e9moire.\" loading=\"lazy\" decoding=\"async\" data-nimg=\"fill\" class=\" TwicCore_img__i9TC1 undefined  undefined\" style=\"position:absolute;height:100%;width:100%;left:0;top:0;right:0;bottom:0;color:transparent;background-size:cover;background-position:50% 50%;background-repeat:no-repeat;background-image:url(&quot;data:image\/svg+xml;charset=utf-8,%3Csvg xmlns='http:\/\/www.w3.org\/2000\/svg' %3E%3Cfilter id='b' color-interpolation-filters='sRGB'%3E%3CfeGaussianBlur stdDeviation='20'\/%3E%3CfeColorMatrix values='1 0 0 0 0 0 1 0 0 0 0 0 1 0 0 0 0 0 100 -1' result='s'\/%3E%3CfeFlood x='0' y='0' width='100%25' height='100%25'\/%3E%3CfeComposite operator='out' in='s'\/%3E%3CfeComposite in2='SourceGraphic'\/%3E%3CfeGaussianBlur stdDeviation='20'\/%3E%3C\/filter%3E%3Cimage width='100%25' height='100%25' x='0' y='0' preserveAspectRatio='none' style='filter: url(%23b);' href='https:\/\/pictures.laprovence.com\/cdn-cgi\/image\/blur=250\/media\/melody\/2025\/10\/14\/des-fumigenes-ont-aussi-ete-allumes-en-sa-memoire-1760462728_751b8a068ee865a1b8a068ee8de1b8v_.jpg'\/%3E%3C\/svg%3E&quot;)\"   src=\"https:\/\/www.europesays.com\/fr\/wp-content\/uploads\/2025\/10\/des-fumigenes-ont-aussi-ete-allumes-en-sa-memoire-1760462728_751b8a068ee865a1b8a068ee8de1b8v_.jpg\"\/>Des fumig\u00e8nes ont aussi \u00e9t\u00e9 allum\u00e9s en sa m\u00e9moire. Photo DR<\/p>\n<p>Ce lundi soir, au stade Eynaud (9e arrondissement), ses amis, nombreux, lui ont rendu hommage en c\u00e9l\u00e9brant sa m\u00e9moire \u00e0 la 19e minute d\u2019un match de FSGT (en r\u00e9f\u00e9rence au num\u00e9ro\u00a019 qu\u2019il portait). Des fumig\u00e8nes ont \u00e9t\u00e9 allum\u00e9s en son honneur, alors qu\u2019une banderole a \u00e9t\u00e9 d\u00e9ploy\u00e9e.<\/p>\n<p><img alt=\"Noah Paulin \u00e9voluait en tant que d\u00e9fenseur central.\" loading=\"lazy\" decoding=\"async\" data-nimg=\"fill\" class=\" TwicCore_img__i9TC1 undefined  undefined\" style=\"position:absolute;height:100%;width:100%;left:0;top:0;right:0;bottom:0;color:transparent;background-size:cover;background-position:50% 50%;background-repeat:no-repeat;background-image:url(&quot;data:image\/svg+xml;charset=utf-8,%3Csvg xmlns='http:\/\/www.w3.org\/2000\/svg' %3E%3Cfilter id='b' color-interpolation-filters='sRGB'%3E%3CfeGaussianBlur stdDeviation='20'\/%3E%3CfeColorMatrix values='1 0 0 0 0 0 1 0 0 0 0 0 1 0 0 0 0 0 100 -1' result='s'\/%3E%3CfeFlood x='0' y='0' width='100%25' height='100%25'\/%3E%3CfeComposite operator='out' in='s'\/%3E%3CfeComposite in2='SourceGraphic'\/%3E%3CfeGaussianBlur stdDeviation='20'\/%3E%3C\/filter%3E%3Cimage width='100%25' height='100%25' x='0' y='0' preserveAspectRatio='none' style='filter: url(%23b);' href='https:\/\/pictures.laprovence.com\/cdn-cgi\/image\/blur=250\/media\/melody\/2025\/10\/14\/noah-paulin-evoluait-en-tant-que-defenseur-central-1760462728_818429938ee86268429938ee81b842v_.jpg'\/%3E%3C\/svg%3E&quot;)\"   src=\"https:\/\/www.europesays.com\/fr\/wp-content\/uploads\/2025\/10\/noah-paulin-evoluait-en-tant-que-defenseur-central-1760462728_818429938ee86268429938ee81b842v_.jpg\"\/>Noah Paulin \u00e9voluait en tant que d\u00e9fenseur central. Photo DR<\/p>\n<p>Fils de Gilbert Dulac, grand serviteur de la section Provence de l\u2019Union des Journalistes de Sport en France (UJSF) et syndic du V\u00e9lodrome, ses obs\u00e8ques auront lieu ce vendredi 17\u00a0octobre \u00e0 Marseille (mise en bi\u00e8re au d\u00e9positoire de la Timone \u00e0 13h\u00a0; c\u00e9r\u00e9monie religieuse en l\u2019\u00e9glise de La Capelette, boulevard Saint-Jean, \u00e0 14h30\u00a0; cr\u00e9matorium de Saint-Pierre, \u00e0 16h30).<\/p>\n<p><img alt=\"\" loading=\"lazy\" width=\"18\" height=\"18\" decoding=\"async\" data-nimg=\"1\" class=\"mx-[8px]\" style=\"color:transparent\" src=\"https:\/\/www.laprovence.com\/_next\/static\/media\/comment.b95dda91.svg\"\/>D\u00e9marrez la conversation<\/p>\n<p class=\"text-[1.8rem] mt-[32px]\">Votre opinion compte pour nous. Rejoignez la communaut\u00e9 laprovence.com en r\u00e9agissant sur l&rsquo;article Un vibrant hommage pour Noah Paulin, jeune footballeur disparu tragiquement \u00e0 seulement 22 ans \u00e0 Marseille.<\/p>\n","protected":false},"excerpt":{"rendered":"Il faisait l\u2019unanimit\u00e9 aussi bien sur les terrains qu\u2019en dehors. Jeune d\u00e9fenseur central ayant notamment port\u00e9 les couleurs&hellip;\n","protected":false},"author":2,"featured_media":463098,"comment_status":"","ping_status":"","sticky":false,"template":"","format":"standard","meta":{"footnotes":""},"categories":[2814],"tags":[17,1111,11,1777,674,33641,1011,27,4879,3913,884,12,35397,58715,471,882,25,60,46709],"class_list":{"0":"post-463097","1":"post","2":"type-post","3":"status-publish","4":"format-standard","5":"has-post-thumbnail","7":"category-marseille","8":"tag-17","9":"tag-actu","10":"tag-actualites","11":"tag-eu","12":"tag-europe","13":"tag-footballeur","14":"tag-fr","15":"tag-france","16":"tag-hommage","17":"tag-jeune","18":"tag-marseille","19":"tag-news","20":"tag-noah","21":"tag-paulin","22":"tag-pour","23":"tag-provence-alpes-cote-dazur","24":"tag-republique-francaise","25":"tag-sports","26":"tag-vibrant"},"share_on_mastodon":{"url":"https:\/\/pubeurope.com\/@fr\/115374187181150281","error":""},"_links":{"self":[{"href":"https:\/\/www.europesays.com\/fr\/wp-json\/wp\/v2\/posts\/463097","targetHints":{"allow":["GET"]}}],"collection":[{"href":"https:\/\/www.europesays.com\/fr\/wp-json\/wp\/v2\/posts"}],"about":[{"href":"https:\/\/www.europesays.com\/fr\/wp-json\/wp\/v2\/types\/post"}],"author":[{"embeddable":true,"href":"https:\/\/www.europesays.com\/fr\/wp-json\/wp\/v2\/users\/2"}],"replies":[{"embeddable":true,"href":"https:\/\/www.europesays.com\/fr\/wp-json\/wp\/v2\/comments?post=463097"}],"version-history":[{"count":0,"href":"https:\/\/www.europesays.com\/fr\/wp-json\/wp\/v2\/posts\/463097\/revisions"}],"wp:featuredmedia":[{"embeddable":true,"href":"https:\/\/www.europesays.com\/fr\/wp-json\/wp\/v2\/media\/463098"}],"wp:attachment":[{"href":"https:\/\/www.europesays.com\/fr\/wp-json\/wp\/v2\/media?parent=463097"}],"wp:term":[{"taxonomy":"category","embeddable":true,"href":"https:\/\/www.europesays.com\/fr\/wp-json\/wp\/v2\/categories?post=463097"},{"taxonomy":"post_tag","embeddable":true,"href":"https:\/\/www.europesays.com\/fr\/wp-json\/wp\/v2\/tags?post=463097"}],"curies":[{"name":"wp","href":"https:\/\/api.w.org\/{rel}","templated":true}]}}