{"id":463102,"date":"2025-10-14T19:34:23","date_gmt":"2025-10-14T19:34:23","guid":{"rendered":"https:\/\/www.europesays.com\/fr\/463102\/"},"modified":"2025-10-14T19:34:23","modified_gmt":"2025-10-14T19:34:23","slug":"le-probleme-des-ordures-en-voie-detre-regle","status":"publish","type":"post","link":"https:\/\/www.europesays.com\/fr\/463102\/","title":{"rendered":"le probl\u00e8me des ordures en voie d\u2019\u00eatre r\u00e9gl\u00e9\u00a0?"},"content":{"rendered":"<p>Un mot, ou plut\u00f4t trois lui viennent \u00e0 l\u2019esprit lorsqu\u2019il \u00e9voque la situation, \u00ab\u00a0c\u2019est une honte\u00a0\u00bb. Depuis plusieurs semaines, les \u00ab\u00a0ordures m\u00e9nag\u00e8res ne sont plus \u00e9vacu\u00e9es\u00a0\u00bb , alors les d\u00e9chets s\u2019accumulent et les odeurs qui vont avec. Nous sommes ici dans une r\u00e9sidence universitaire, baptis\u00e9e Croix du Sud, g\u00e9r\u00e9e par le Crous (Centre r\u00e9gional des \u0153uvres universitaires et scolaires) qui abrite 193 studios. C\u2019est sa fille qui poursuit ses \u00e9tudes en terres lyonnaises qui l\u2019a alert\u00e9.<\/p>\n<p>Install\u00e9e depuis quelques semaines dans cette r\u00e9sidence, elle subit\u00a0cette \u00ab\u00a0situation inadmissible\u00a0\u00bb, temp\u00eate Marc-Olivier de Serres qui \u00e9voque des \u00ab\u00a0conditions totalement indignes\u00a0\u00bb. Tout comme les locataires, qui se \u00ab\u00a0sentent&#8230;<\/p>\n","protected":false},"excerpt":{"rendered":"Un mot, ou plut\u00f4t trois lui viennent \u00e0 l\u2019esprit lorsqu\u2019il \u00e9voque la situation, \u00ab\u00a0c\u2019est une honte\u00a0\u00bb. Depuis plusieurs&hellip;\n","protected":false},"author":2,"featured_media":463103,"comment_status":"","ping_status":"","sticky":false,"template":"","format":"standard","meta":{"footnotes":""},"categories":[1889],"tags":[1111,11,2430,2757,1057,4854,1777,674,107,1011,27,1908,2428,2756,12,25,2429,71,104],"class_list":{"0":"post-463102","1":"post","2":"type-post","3":"status-publish","4":"format-standard","5":"has-post-thumbnail","7":"category-lyon","8":"tag-actu","9":"tag-actualites","10":"tag-auvergne-rhone-alpes","11":"tag-edition-lyon-villeurbanne","12":"tag-education","13":"tag-enseignement-superieur","14":"tag-eu","15":"tag-europe","16":"tag-fil-info","17":"tag-fr","18":"tag-france","19":"tag-logement","20":"tag-lyon","21":"tag-lyon-bassin","22":"tag-news","23":"tag-republique-francaise","24":"tag-rhone","25":"tag-sante","26":"tag-societe"},"share_on_mastodon":{"url":"https:\/\/pubeurope.com\/@fr\/115374198867001209","error":""},"_links":{"self":[{"href":"https:\/\/www.europesays.com\/fr\/wp-json\/wp\/v2\/posts\/463102","targetHints":{"allow":["GET"]}}],"collection":[{"href":"https:\/\/www.europesays.com\/fr\/wp-json\/wp\/v2\/posts"}],"about":[{"href":"https:\/\/www.europesays.com\/fr\/wp-json\/wp\/v2\/types\/post"}],"author":[{"embeddable":true,"href":"https:\/\/www.europesays.com\/fr\/wp-json\/wp\/v2\/users\/2"}],"replies":[{"embeddable":true,"href":"https:\/\/www.europesays.com\/fr\/wp-json\/wp\/v2\/comments?post=463102"}],"version-history":[{"count":0,"href":"https:\/\/www.europesays.com\/fr\/wp-json\/wp\/v2\/posts\/463102\/revisions"}],"wp:featuredmedia":[{"embeddable":true,"href":"https:\/\/www.europesays.com\/fr\/wp-json\/wp\/v2\/media\/463103"}],"wp:attachment":[{"href":"https:\/\/www.europesays.com\/fr\/wp-json\/wp\/v2\/media?parent=463102"}],"wp:term":[{"taxonomy":"category","embeddable":true,"href":"https:\/\/www.europesays.com\/fr\/wp-json\/wp\/v2\/categories?post=463102"},{"taxonomy":"post_tag","embeddable":true,"href":"https:\/\/www.europesays.com\/fr\/wp-json\/wp\/v2\/tags?post=463102"}],"curies":[{"name":"wp","href":"https:\/\/api.w.org\/{rel}","templated":true}]}}