{"id":463110,"date":"2025-10-14T19:38:29","date_gmt":"2025-10-14T19:38:29","guid":{"rendered":"https:\/\/www.europesays.com\/fr\/463110\/"},"modified":"2025-10-14T19:38:29","modified_gmt":"2025-10-14T19:38:29","slug":"paris-limite-la-casse-apres-un-debut-de-seance-difficile-14-10-2025-a-1810","status":"publish","type":"post","link":"https:\/\/www.europesays.com\/fr\/463110\/","title":{"rendered":"Paris: limite la casse apr\u00e8s un d\u00e9but de s\u00e9ance difficile &#8211; 14\/10\/2025 \u00e0 18:10"},"content":{"rendered":"<p>                                                                Apr\u00e8s avoir \u00e9volu\u00e9 en territoire n\u00e9gatif toute la journ\u00e9e, l\u00e2chant m\u00eame jusqu&rsquo;\u00e0 1,3% peu apr\u00e8s midi, la Bourse de Paris conclut la s\u00e9ance sur un repli plus modeste de 0,18%, \u00e0 7919 points.<br \/>\n<br \/>L&rsquo;indice parisien doit composer avec un secteur automobile en pleine marche arri\u00e8re : Michelin l\u00e2che 8,9%, Stellantis recule de 4,9% et Renault c\u00e8de 2,1%.Outre-Atlantique, c&rsquo;est aussi la morosit\u00e9 qui domine avec un Nasdaq \u00e0 -1% et un S&amp;P 500 \u00e0 -0,5%.<br \/>\n<br \/>Si l&rsquo;actualit\u00e9 g\u00e9opolitique est marqu\u00e9e par l&rsquo;apaisement des tensions au Moyen-Orient, les r\u00e9centes d\u00e9clarations de Donald Trump ont fait ressurgir le spectre d&rsquo;une guerre commerciale avec P\u00e9kin. Signe des tensions \u00e0 l&rsquo;oeuvre, le minist\u00e8re chinois du Commerce a exhort\u00e9 les Etats-Unis \u00e0 faire preuve de &lsquo;sinc\u00e9rit\u00e9&rsquo; dans les n\u00e9gociations en cours.<br \/>\n<br \/>P\u00e9kin a annonc\u00e9 dans la foul\u00e9e une s\u00e9rie de contre-mesures \u00e0 l&rsquo;encontre de cinq filiales du chantier naval Hanwha Ocean li\u00e9es aux Etats-Unis.<br \/>\n<br \/>La s\u00e9ance a \u00e9t\u00e9 anim\u00e9e \u00e0 la mi-journ\u00e9e par les r\u00e9sultats trimestriels de JPMorgan, Goldman Sachs (-1,5% respectivement, r\u00e9sultats sans mauvaise surprise), Citi (+1,7%) et Wells Fargo (quasi inchang\u00e9) : les investisseurs les attendaient avec d&rsquo;autant plus d&rsquo;impatience que le secteur a essuy\u00e9 l&rsquo;une des plus mauvaises performances outre-Atlantique ces derni\u00e8res semaines, dans l&rsquo;anticipation de nouvelles baisses de taux d&rsquo;int\u00e9r\u00eat de la Fed.<\/p>\n<p>Alors que le &lsquo;shutdown&rsquo; aux USA prive les investisseurs de nombreuses statistiques permettant d&rsquo;\u00e9valuer la sant\u00e9 de l&rsquo;\u00e9conomie am\u00e9ricaine, les intervenants sont particuli\u00e8rement sensibles aux r\u00e9sultats des entreprises, d&rsquo;autant que les valorisations sont aujourd&rsquo;hui consid\u00e9r\u00e9es comme \u00e9lev\u00e9es \u00e0 Wall Street.\n<\/p>\n<p>En effet, le ratio cours-b\u00e9n\u00e9fices (PER) du S&amp;P 500 ressort actuellement \u00e0 22,8, \u00e0 comparer \u00e0 une moyenne de 19,9x sur cinq ans et de 18,6x sur dix ans.<br \/>\n<br \/>L&rsquo;optimisme est n\u00e9anmoins de mise, puisque le consensus attend une croissance de 8% des b\u00e9n\u00e9fices des entreprises du S&amp;P 500 sur la p\u00e9riode allant de juillet \u00e0 septembre, alors que la pr\u00e9vision \u00e9tait de 7,3% au tout d\u00e9but du trimestre, selon les donn\u00e9es de FactSet.\n<\/p>\n<p>Il s&rsquo;agirait du neuvi\u00e8me trimestre de croissance b\u00e9n\u00e9ficiaire des soci\u00e9t\u00e9s am\u00e9ricaines.<br \/>\n<br \/>En Europe, les intervenants ont toutefois pu prendre connaissance ce matin de l&rsquo;inflation en Allemagne. Celle-ci a atteint en septembre son rythme le plus \u00e9lev\u00e9 depuis le d\u00e9but de l&rsquo;ann\u00e9e, un ph\u00e9nom\u00e8ne qui t\u00e9moigne de la persistance des pressions sur les prix au sein de la premi\u00e8re \u00e9conomie d&rsquo;Europe, selon des chiffres d\u00e9finitifs publi\u00e9s mardi par l&rsquo;Office f\u00e9d\u00e9ral de la statistique.\n<\/p>\n<p>Concr\u00e8tement, la hausse annuelle des prix \u00e0 la consommation (CPI) a \u00e9t\u00e9 confirm\u00e9e \u00e0 2,4% au titre du mois dernier, tout comme a \u00e9t\u00e9 valid\u00e9e leur hausse de 0,2% d&rsquo;un mois sur l&rsquo;autre, d&rsquo;apr\u00e8s les statistiques de Destatis.<br \/>\n<br \/>Par ailleurs, toujours outre-Rhin, le moral des investisseurs et des analystes a continu\u00e9 de s&rsquo;am\u00e9liorer au mois d&rsquo;octobre, mais \u00e0 un rythme moins marqu\u00e9 que pr\u00e9vu, montre mardi l&rsquo;enqu\u00eate r\u00e9alis\u00e9e par l&rsquo;institut d&rsquo;\u00e9tudes \u00e9conomiques ZEW.\n<\/p>\n<p>Son indice a progress\u00e9 \u00e0 39,3 ce mois-ci, signant un deuxi\u00e8me mois cons\u00e9cutif de hausse, apr\u00e8s avoir d\u00e9j\u00e0 augment\u00e9 \u00e0 37,3 en septembre.Les \u00e9conomistes tablaient cependant sur une hausse plus prononc\u00e9e, autour de 40.\n<\/p>\n<p>Sur le compartiment obligataire, la journ\u00e9e est marqu\u00e9e par une nette embellie sur nos OAT alors que le risque de censure s&rsquo;\u00e9loigne : le &rsquo;10 ans&rsquo; fran\u00e7ais se d\u00e9tend de -6 pts vers 3,4060% tandis que les Bunds allemands se d\u00e9tendent de seulement -2,5 pts \u00e0 2,605%.Voil\u00e0 le &lsquo;spread&rsquo; OAT\/Bund revenu \u00e0 80 pts, comme avant la d\u00e9mission de Fran\u00e7ois Bayrou ou celle de Michel Barnier.\n<\/p>\n<p>L&rsquo;euro gagne 0,3% face au billet vert, \u00e0 1,16 USD. La faiblesse du dollar permet \u00e0 l&rsquo;or de se distinguer avec un nouveau record absolu de 4179 USD.\u00c0 Londres, le Brent l\u00e2che 2,3% \u00e0 moins de 62 USD le baril.<br \/>\n<br \/>Dans l&rsquo;actualit\u00e9 des soci\u00e9t\u00e9s tricolores, EDF annonce avoir rehauss\u00e9 la fourchette de production nucl\u00e9aire en France pour l&rsquo;ann\u00e9e 2025. Initialement comprise entre 350 et 370 TWh, elle est d\u00e9sormais estim\u00e9e entre 365 et 375 TWh.<br \/>\n<br \/>Publicis enregistre un revenu net du groupe de 3529 millions d&rsquo;euros au 3e trimestre 2025, \u00e0 comparer \u00e0 3423 millions d&rsquo;euros au 3e trimestre 2024. La croissance organique s&rsquo;\u00e9l\u00e8ve \u00e0 +5,7%. Sur une base publi\u00e9e, le revenu net est en progression de +3,1%.\n<\/p>\n<p>Michelin fait figure de lanterne rouge du CAC 40 apr\u00e8s avoir annonc\u00e9 hier soir une r\u00e9vision \u00e0 la baisse de ses pr\u00e9visions pour l&rsquo;exercice 2025, dans un contexte de d\u00e9t\u00e9rioration de l&rsquo;environnement \u00e9conomique qui s&rsquo;est notamment traduit par une d\u00e9gradation plus forte que pr\u00e9vu de son activit\u00e9 en Am\u00e9rique du Nord.\n<\/p>\n<p>Enfin, la Commission europ\u00e9enne a inflig\u00e9 des amendes aux entreprises de mode Gucci, Chlo\u00e9 et Loewe pour avoir fix\u00e9 les prix de revente, en violation des r\u00e8gles de concurrence de l&rsquo;UE.<\/p>\n","protected":false},"excerpt":{"rendered":"Apr\u00e8s avoir \u00e9volu\u00e9 en territoire n\u00e9gatif toute la journ\u00e9e, l\u00e2chant m\u00eame jusqu&rsquo;\u00e0 1,3% peu apr\u00e8s midi, la Bourse&hellip;\n","protected":false},"author":2,"featured_media":2956,"comment_status":"","ping_status":"","sticky":false,"template":"","format":"standard","meta":{"footnotes":""},"categories":[1888],"tags":[400,1111,1928,11,1927,398,408,405,1777,674,1011,27,403,402,399,404,12,1926,626,1925,25,401,406,407],"class_list":{"0":"post-463110","1":"post","2":"type-post","3":"status-publish","4":"format-standard","5":"has-post-thumbnail","7":"category-paris","8":"tag-action-cac-40","9":"tag-actu","10":"tag-actu-paris","11":"tag-actualites","12":"tag-actualites-paris","13":"tag-bourse-de-paris","14":"tag-boursorama","15":"tag-cotations","16":"tag-eu","17":"tag-europe","18":"tag-fr","19":"tag-france","20":"tag-indices-devises","21":"tag-investir","22":"tag-investissement","23":"tag-marche-boursier","24":"tag-news","25":"tag-news-paris","26":"tag-paris","27":"tag-paris-news","28":"tag-republique-francaise","29":"tag-sicav","30":"tag-trackers","31":"tag-warrants"},"share_on_mastodon":{"url":"https:\/\/pubeurope.com\/@fr\/115374214687068884","error":""},"_links":{"self":[{"href":"https:\/\/www.europesays.com\/fr\/wp-json\/wp\/v2\/posts\/463110","targetHints":{"allow":["GET"]}}],"collection":[{"href":"https:\/\/www.europesays.com\/fr\/wp-json\/wp\/v2\/posts"}],"about":[{"href":"https:\/\/www.europesays.com\/fr\/wp-json\/wp\/v2\/types\/post"}],"author":[{"embeddable":true,"href":"https:\/\/www.europesays.com\/fr\/wp-json\/wp\/v2\/users\/2"}],"replies":[{"embeddable":true,"href":"https:\/\/www.europesays.com\/fr\/wp-json\/wp\/v2\/comments?post=463110"}],"version-history":[{"count":0,"href":"https:\/\/www.europesays.com\/fr\/wp-json\/wp\/v2\/posts\/463110\/revisions"}],"wp:featuredmedia":[{"embeddable":true,"href":"https:\/\/www.europesays.com\/fr\/wp-json\/wp\/v2\/media\/2956"}],"wp:attachment":[{"href":"https:\/\/www.europesays.com\/fr\/wp-json\/wp\/v2\/media?parent=463110"}],"wp:term":[{"taxonomy":"category","embeddable":true,"href":"https:\/\/www.europesays.com\/fr\/wp-json\/wp\/v2\/categories?post=463110"},{"taxonomy":"post_tag","embeddable":true,"href":"https:\/\/www.europesays.com\/fr\/wp-json\/wp\/v2\/tags?post=463110"}],"curies":[{"name":"wp","href":"https:\/\/api.w.org\/{rel}","templated":true}]}}