{"id":463119,"date":"2025-10-14T19:43:25","date_gmt":"2025-10-14T19:43:25","guid":{"rendered":"https:\/\/www.europesays.com\/fr\/463119\/"},"modified":"2025-10-14T19:43:25","modified_gmt":"2025-10-14T19:43:25","slug":"en-mars-les-diables-rouges-affronteront-les-usa-et-le-mexique-sur-le-sol-americain","status":"publish","type":"post","link":"https:\/\/www.europesays.com\/fr\/463119\/","title":{"rendered":"En mars, les Diables rouges affronteront les USA et le Mexique sur le sol am\u00e9ricain !"},"content":{"rendered":"<p class=\"ap-StoryElement ap-StoryElement--mb ap-StoryText\">Au placard la fatigue li\u00e9e aux longs d\u00e9placements. Rudi Garcia n&rsquo;en tient pas au compte et compte d\u00e9j\u00e0 pr\u00e9parer le Mondial 2026 en se rendant aux Etats-Unis pendant le mois de mars pour y affronter le Mexique et les USA.<\/p>\n<p class=\"ap-StoryElement ap-StoryElement--mb ap-StoryText\">En mars, les Diables rouges auront deux matchs amicaux qui se d\u00e9rouleront \u00e0 l&rsquo;ext\u00e9rieur. Mais pas sur le Vieux Continent comme la Belgique en a souvent pris l&rsquo;habitude. Les Diables rouges, comme le r\u00e9v\u00e8lent nos confr\u00e8res d&rsquo;Het Laatste Nieuws, affronteront les Etats-Unis \u00e0 Chicago et le Mexique \u00e0 Atlanta.<\/p>\n","protected":false},"excerpt":{"rendered":"Au placard la fatigue li\u00e9e aux longs d\u00e9placements. Rudi Garcia n&rsquo;en tient pas au compte et compte d\u00e9j\u00e0&hellip;\n","protected":false},"author":2,"featured_media":463120,"comment_status":"","ping_status":"","sticky":false,"template":"","format":"standard","meta":{"footnotes":""},"categories":[1589],"tags":[11,43854,73,1866,12,1864,1865,1863,308],"class_list":{"0":"post-463119","1":"post","2":"type-post","3":"status-publish","4":"format-standard","5":"has-post-thumbnail","7":"category-etats-unis","8":"tag-actualites","9":"tag-diables-rouges","10":"tag-etats-unis","11":"tag-etats-unis-damerique","12":"tag-news","13":"tag-united-states","14":"tag-united-states-of-america","15":"tag-us","16":"tag-usa"},"share_on_mastodon":{"url":"https:\/\/pubeurope.com\/@fr\/115374234386178362","error":""},"_links":{"self":[{"href":"https:\/\/www.europesays.com\/fr\/wp-json\/wp\/v2\/posts\/463119","targetHints":{"allow":["GET"]}}],"collection":[{"href":"https:\/\/www.europesays.com\/fr\/wp-json\/wp\/v2\/posts"}],"about":[{"href":"https:\/\/www.europesays.com\/fr\/wp-json\/wp\/v2\/types\/post"}],"author":[{"embeddable":true,"href":"https:\/\/www.europesays.com\/fr\/wp-json\/wp\/v2\/users\/2"}],"replies":[{"embeddable":true,"href":"https:\/\/www.europesays.com\/fr\/wp-json\/wp\/v2\/comments?post=463119"}],"version-history":[{"count":0,"href":"https:\/\/www.europesays.com\/fr\/wp-json\/wp\/v2\/posts\/463119\/revisions"}],"wp:featuredmedia":[{"embeddable":true,"href":"https:\/\/www.europesays.com\/fr\/wp-json\/wp\/v2\/media\/463120"}],"wp:attachment":[{"href":"https:\/\/www.europesays.com\/fr\/wp-json\/wp\/v2\/media?parent=463119"}],"wp:term":[{"taxonomy":"category","embeddable":true,"href":"https:\/\/www.europesays.com\/fr\/wp-json\/wp\/v2\/categories?post=463119"},{"taxonomy":"post_tag","embeddable":true,"href":"https:\/\/www.europesays.com\/fr\/wp-json\/wp\/v2\/tags?post=463119"}],"curies":[{"name":"wp","href":"https:\/\/api.w.org\/{rel}","templated":true}]}}