{"id":463121,"date":"2025-10-14T19:44:12","date_gmt":"2025-10-14T19:44:12","guid":{"rendered":"https:\/\/www.europesays.com\/fr\/463121\/"},"modified":"2025-10-14T19:44:12","modified_gmt":"2025-10-14T19:44:12","slug":"au-royaume-uni-le-nouvel-etau-fiscal-pousse-les-millionnaires-vers-la-sortie","status":"publish","type":"post","link":"https:\/\/www.europesays.com\/fr\/463121\/","title":{"rendered":"au Royaume-Uni, le nouvel \u00e9tau fiscal pousse les millionnaires vers la sortie"},"content":{"rendered":"<p>\n    <strong>R\u00c9CIT <\/strong>&#8211; En durcissant la fiscalit\u00e9 contre les \u00ab\u00a0riches\u00a0\u00bb, \u00e9trangers \u00ab\u00a0non-dom\u00a0\u00bb comme nationaux, le gouvernement travailliste pourrait \u00eatre perdant.<\/p>\n<p class=\"fig-paragraph\">Ce n\u2019est pas le grand exode mais un d\u00e9part ordonn\u00e9, pr\u00e9visible et pourtant provoqu\u00e9. Depuis le durcissement de la fiscalit\u00e9 \u00e0 l\u2019encontre des \u00ab\u00a0riches\u00a0\u00bb,\u00a0<a href=\"http:\/\/www.lefigaro.fr\/conjoncture\/plus-de-140-000-millionnaires-vont-changer-de-pays-en-2025-le-royaume-uni-principal-perdant-20250625\" data-fig-type=\"Article\" data-gtm-custom-categorie=\"navigation\" data-gtm-custom-action=\"crossclick\" data-gtm-custom-label=\"Contextuel\" data-gtm-event=\"customEventSPE\" data-fig-domain=\"LEFIGARO\" target=\"_blank\" rel=\"noopener\">nombre d\u2019entre eux ont quitt\u00e9 le royaume<\/a>, prenant la route de Milan ou Duba\u00ef. Et le gouvernement travailliste de Keir Starmer,<a href=\"http:\/\/www.lefigaro.fr\/conjoncture\/royaume-uni-les-travaillistes-denoncent-un-trou-de-20-milliards-de-livres-dans-le-budget-20240729\" data-fig-type=\"Article\" data-gtm-custom-categorie=\"navigation\" data-gtm-custom-action=\"crossclick\" data-gtm-custom-label=\"Contextuel\" data-gtm-event=\"customEventSPE\" data-fig-domain=\"LEFIGARO\" target=\"_blank\" rel=\"noopener\">\u00a0qui cherche d\u00e9sesp\u00e9r\u00e9ment \u00e0 \u00e9quilibrer les comptes publics,<\/a>\u00a0pourrait y perdre plus qu\u2019y gagner.<\/p>\n<p class=\"fig-paragraph\">Pour les millionnaires du royaume, le signal d\u2019alarme a retenti \u00e0 l\u2019automne 2024, quand la chanceli\u00e8re de l\u2019\u00c9chiquier, Rachel Reeves, a annonc\u00e9 son intention d\u2019abolir le statut de \u00ab\u00a0non-dom\u00a0\u00bb (non-domicili\u00e9s fiscaux). Celui-ci permettait aux riches entrepreneurs ou financiers travaillant et vivant au Royaume-Uni de ne pas payer d\u2019imp\u00f4ts sur leurs avoirs \u00e9trangers, durant quinze ans. Cette p\u00e9riode de gr\u00e2ce est r\u00e9duite \u00e0 quatre ans.<\/p>\n<p>Plus de 10.000 millionnaires dont 4400 dirigeants &#8211; surtout dans les secteurs de la finance, des assurances et de l\u2019immobilier &#8211; auraient d\u00e9j\u00e0 quitt\u00e9 le Royaume-Uni<\/p>\n<p class=\"fig-paragraph\">De mani\u00e8re encore plus f\u00e2cheuse pour les riches contribuables concern\u00e9s, la ministre des Finances a aussi d\u00e9cr\u00e9t\u00e9 que leurs avoirs \u00e0 l\u2019\u00e9tranger seront soumis \u00e0 l\u2019imp\u00f4t sur les successions\u2026<\/p>\n<p class=\"fig-premium-paywall__infos\">\n        Cet article est r\u00e9serv\u00e9 aux abonn\u00e9s.        Il vous reste 83% \u00e0 d\u00e9couvrir.\n    <\/p>\n<p>                <img  data- alt=\"Le Figaro\" class=\"fig-img--complete fig-img\"\/><\/p>\n<p class=\"fig-premium-paywall__title\">Dernier jour<\/p>\n<p class=\"fig-premium-paywall__subtitle\">Offre anniversaire : 2\u20ac\/mois pendant 200 semaines<\/p>\n<p class=\"fig-premium-paywall__connect\">\n                D\u00e9j\u00e0 abonn\u00e9\u00a0?                <a class=\"fig-premium-paywall__connect-link\" href=\"https:\/\/connect.lefigaro.fr\/login?client=horizon_web&amp;type=main&amp;redirect_uri=https%3A%2F%2Fwww.lefigaro.fr%2Feconomie%2Fchasser-les-riches-etait-plutot-un-sport-francais-mais-les-anglais-s-y-mettent-au-royaume-uni-le-nouvel-etau-fiscal-pousse-les-millionnaires-vers-la-sortie-20251014\" data-js-gtm=\"{&quot;customCategorie&quot;: &quot;conversion&quot;, &quot;customAction&quot;: &quot;before_Landing_Connexion_paywall_auto&quot;, &quot;customLabel&quot;: &quot;bGVmaWdhcm8uZnJfXzFmMGE4Zjc5LTdmYzgtNmIxNi1iY2Y4LTVmOGUzZTQ4YjU2ZF9fQXJ0aWNsZQ==_\u00abChasser les riches \u00e9tait plut\u00f4t un sport fran\u00e7ais mais les Anglais s\u2019y mettent\u00bb: au Royaume-Uni, le nouvel \u00e9tau fiscal pousse les millionnaires vers la sortie_181&quot;, &quot;customIDSPE&quot;: &quot;bGVmaWdhcm8uZnJfXzFmMGE4Zjc5LTdmYzgtNmIxNi1iY2Y4LTVmOGUzZTQ4YjU2ZF9fQXJ0aWNsZQ==&quot;, &quot;event&quot;: &quot;customEventSPE&quot;}\" target=\"_blank\" rel=\"noopener\"><br \/>\n                    Connectez-vous<br \/>\n                <\/a>\n            <\/p>\n","protected":false},"excerpt":{"rendered":"R\u00c9CIT &#8211; En durcissant la fiscalit\u00e9 contre les \u00ab\u00a0riches\u00a0\u00bb, \u00e9trangers \u00ab\u00a0non-dom\u00a0\u00bb comme nationaux, le gouvernement travailliste pourrait \u00eatre&hellip;\n","protected":false},"author":2,"featured_media":463122,"comment_status":"","ping_status":"","sticky":false,"template":"","format":"standard","meta":{"footnotes":""},"categories":[1588],"tags":[11,1777,674,342,2581,12,17786,473,1853,1851,1850,1852],"class_list":{"0":"post-463121","1":"post","2":"type-post","3":"status-publish","4":"format-standard","5":"has-post-thumbnail","7":"category-royaume-uni","8":"tag-actualites","9":"tag-eu","10":"tag-europe","11":"tag-impots","12":"tag-keir-starmer","13":"tag-news","14":"tag-richesse","15":"tag-royaume-uni","16":"tag-royaume-uni-de-grande-bretagne-et-dirlande-du-nord","17":"tag-uk","18":"tag-united-kingdom","19":"tag-united-kingdom-of-great-britain-and-northern-ireland"},"share_on_mastodon":{"url":"https:\/\/pubeurope.com\/@fr\/115374238276246127","error":""},"_links":{"self":[{"href":"https:\/\/www.europesays.com\/fr\/wp-json\/wp\/v2\/posts\/463121","targetHints":{"allow":["GET"]}}],"collection":[{"href":"https:\/\/www.europesays.com\/fr\/wp-json\/wp\/v2\/posts"}],"about":[{"href":"https:\/\/www.europesays.com\/fr\/wp-json\/wp\/v2\/types\/post"}],"author":[{"embeddable":true,"href":"https:\/\/www.europesays.com\/fr\/wp-json\/wp\/v2\/users\/2"}],"replies":[{"embeddable":true,"href":"https:\/\/www.europesays.com\/fr\/wp-json\/wp\/v2\/comments?post=463121"}],"version-history":[{"count":0,"href":"https:\/\/www.europesays.com\/fr\/wp-json\/wp\/v2\/posts\/463121\/revisions"}],"wp:featuredmedia":[{"embeddable":true,"href":"https:\/\/www.europesays.com\/fr\/wp-json\/wp\/v2\/media\/463122"}],"wp:attachment":[{"href":"https:\/\/www.europesays.com\/fr\/wp-json\/wp\/v2\/media?parent=463121"}],"wp:term":[{"taxonomy":"category","embeddable":true,"href":"https:\/\/www.europesays.com\/fr\/wp-json\/wp\/v2\/categories?post=463121"},{"taxonomy":"post_tag","embeddable":true,"href":"https:\/\/www.europesays.com\/fr\/wp-json\/wp\/v2\/tags?post=463121"}],"curies":[{"name":"wp","href":"https:\/\/api.w.org\/{rel}","templated":true}]}}