{"id":463127,"date":"2025-10-14T19:47:11","date_gmt":"2025-10-14T19:47:11","guid":{"rendered":"https:\/\/www.europesays.com\/fr\/463127\/"},"modified":"2025-10-14T19:47:11","modified_gmt":"2025-10-14T19:47:11","slug":"lue-prevoit-dinterdire-les-cigarettes-a-filtre-selon-un-document-confidentiel","status":"publish","type":"post","link":"https:\/\/www.europesays.com\/fr\/463127\/","title":{"rendered":"L\u2019UE pr\u00e9voit d\u2019interdire les cigarettes \u00e0 filtre, selon un document confidentiel"},"content":{"rendered":"<p class=\"mb-4 text-lg md:leading-8 break-words\">La Commission europ\u00e9enne pr\u00e9voit apparemment une s\u00e9rie de mesures renforc\u00e9es dans la lutte contre le <strong>tabagisme<\/strong>. Selon un document interne, dont le journal autrichien <strong>Kronen Zeitung<\/strong> a eu connaissance, elle soutient les principales propositions de l&rsquo;Organisation mondiale de la sant\u00e9 (OMS).<\/p>\n<p class=\"mb-4 text-lg md:leading-8 break-words\">Selon ce document, l&rsquo;OMS a pour objectif de cr\u00e9er une \u00ab\u00a0<strong>g\u00e9n\u00e9ration sans nicotine<\/strong>\u00ab\u00a0.<\/p>\n<p class=\"mb-4 text-lg md:leading-8 break-words\">Le document pr\u00e9voit en outre de r\u00e9duire consid\u00e9rablement le nombre de points de vente de cigarettes. La publicit\u00e9 et les \u00ab\u00a0incitations \u00e0 la vente\u00a0\u00bb de cigarettes \u00e0 filtre doivent \u00e9galement \u00eatre interdites. En outre, la r\u00e9alisation de b\u00e9n\u00e9fices avec les produits du tabac doit \u00eatre emp\u00each\u00e9e.<\/p>\n<p class=\"mb-4 text-lg md:leading-8 break-words\">Les filtres de cigarettes ont \u00e9t\u00e9 invent\u00e9s par l\u2019industrie du tabac dans les ann\u00e9es 1950, d\u00e8s que les premi\u00e8res publications scientifiques diffus\u00e9es au grand public ont confirm\u00e9 les risques de cancer du poumon li\u00e9s \u00e0 la consommation de tabac.<\/p>\n<p class=\"mb-4 text-lg md:leading-8 break-words\">L&rsquo;interdiction propos\u00e9e des filtres de cigarettes, \u00e9galement soutenue par la Commission europ\u00e9enne, est particuli\u00e8rement remarquable. En effet, les filtres sont nocifs pour l&rsquo;environnement lorsqu&rsquo;ils sont jet\u00e9s n\u00e9gligemment dans la nature. Le fait que les fumeurs sans filtre inhalent les substances toxiques et le goudron sans les filtrer n&rsquo;est apparemment pas pris en compte, malgr\u00e9 les objectifs de sant\u00e9 publique.<\/p>\n<p class=\"mb-4 text-lg md:leading-8 break-words\">Selon le rapport, il est \u00e9galement question d&rsquo;interdire la vente de produits du tabac \u00e0 toutes les personnes n\u00e9es apr\u00e8s une certaine ann\u00e9e.<\/p>\n<p><strong>Les \u00c9tats membres de l&rsquo;UE doivent donner leur accord<\/strong><\/p>\n<p class=\"mb-4 text-lg md:leading-8 break-words\">Jusqu&rsquo;\u00e0 pr\u00e9sent, seule la Nouvelle-Z\u00e9lande avait d\u00e9cid\u00e9 d&rsquo;une telle interdiction &#8211; avant de revenir sur sa d\u00e9cision. Le probl\u00e8me \u00e9tait qu&rsquo;un march\u00e9 noir florissant en avait r\u00e9sult\u00e9.<\/p>\n<p class=\"mb-4 text-lg md:leading-8 break-words\">La position des \u00c9tats membres de l&rsquo;UE sur ces projets n&rsquo;est pas encore claire. Un groupe de travail du Conseil se r\u00e9unira jeudi, au sein duquel des repr\u00e9sentants de tous les pays de l&rsquo;UE pourront faire part de leur position.<\/p>\n","protected":false},"excerpt":{"rendered":"La Commission europ\u00e9enne pr\u00e9voit apparemment une s\u00e9rie de mesures renforc\u00e9es dans la lutte contre le tabagisme. Selon un&hellip;\n","protected":false},"author":2,"featured_media":463128,"comment_status":"","ping_status":"","sticky":false,"template":"","format":"standard","meta":{"footnotes":""},"categories":[1586],"tags":[11,16547,16499,1777,674,1779,1011,27,36856,487,12,25,1778,364],"class_list":{"0":"post-463127","1":"post","2":"type-post","3":"status-publish","4":"format-standard","5":"has-post-thumbnail","7":"category-europe","8":"tag-actualites","9":"tag-document","10":"tag-etats-membres-de-lue","11":"tag-eu","12":"tag-europe","13":"tag-european-union","14":"tag-fr","15":"tag-france","16":"tag-lindustrie-du-tabac","17":"tag-lorganisation-mondiale-de-la-sante","18":"tag-news","19":"tag-republique-francaise","20":"tag-ue","21":"tag-union-europeenne"},"share_on_mastodon":{"url":"https:\/\/pubeurope.com\/@fr\/115374250100786205","error":""},"_links":{"self":[{"href":"https:\/\/www.europesays.com\/fr\/wp-json\/wp\/v2\/posts\/463127","targetHints":{"allow":["GET"]}}],"collection":[{"href":"https:\/\/www.europesays.com\/fr\/wp-json\/wp\/v2\/posts"}],"about":[{"href":"https:\/\/www.europesays.com\/fr\/wp-json\/wp\/v2\/types\/post"}],"author":[{"embeddable":true,"href":"https:\/\/www.europesays.com\/fr\/wp-json\/wp\/v2\/users\/2"}],"replies":[{"embeddable":true,"href":"https:\/\/www.europesays.com\/fr\/wp-json\/wp\/v2\/comments?post=463127"}],"version-history":[{"count":0,"href":"https:\/\/www.europesays.com\/fr\/wp-json\/wp\/v2\/posts\/463127\/revisions"}],"wp:featuredmedia":[{"embeddable":true,"href":"https:\/\/www.europesays.com\/fr\/wp-json\/wp\/v2\/media\/463128"}],"wp:attachment":[{"href":"https:\/\/www.europesays.com\/fr\/wp-json\/wp\/v2\/media?parent=463127"}],"wp:term":[{"taxonomy":"category","embeddable":true,"href":"https:\/\/www.europesays.com\/fr\/wp-json\/wp\/v2\/categories?post=463127"},{"taxonomy":"post_tag","embeddable":true,"href":"https:\/\/www.europesays.com\/fr\/wp-json\/wp\/v2\/tags?post=463127"}],"curies":[{"name":"wp","href":"https:\/\/api.w.org\/{rel}","templated":true}]}}