{"id":463143,"date":"2025-10-14T19:57:12","date_gmt":"2025-10-14T19:57:12","guid":{"rendered":"https:\/\/www.europesays.com\/fr\/463143\/"},"modified":"2025-10-14T19:57:12","modified_gmt":"2025-10-14T19:57:12","slug":"lecurie-nen-a-que-faire-de-se-faire-battre-par-mclaren-et-fait-savoir-pourquoi","status":"publish","type":"post","link":"https:\/\/www.europesays.com\/fr\/463143\/","title":{"rendered":"l\u2019\u00e9curie n\u2019en a que faire de se faire battre par McLaren et fait savoir pourquoi"},"content":{"rendered":"<p>Apr\u00e8s avoir \u00e9t\u00e9 battue par Redbull ces derni\u00e8res ann\u00e9es, Mercedes a quand m\u00eame r\u00e9ussi \u00e0 remporter des titres cette ann\u00e9e. Notamment avec le titre constructeur de McLaren remport\u00e9 \u00e0 Singapour.\u00a0<\/p>\n<p><b>Mercedes brille de mani\u00e8re indirecte<\/b><\/p>\n<p>M\u00eame si cette ann\u00e9e, l\u2019\u00e9curie Mercedes n\u2019a remport\u00e9 que deux Grand Prix dont celui de Singapour, l\u2019\u00e9curie brille quand m\u00eame avec l\u2019\u00e9curie cliente McLaren, qui a remport\u00e9 le championnat constructeurs et dont les deux pilotes sont 1er et 2e du championnat. Selon Toto Wolff, le directeur de Mercedes, ce n\u2019est pas d\u00e9rangeant.\u00a0\u00a0<\/p>\n<p>\u201cJe pense que cette concurrence interne pr\u00e9sente des avantages. De cette fa\u00e7on, quand on regarde la voiture, je pense qu\u2019elle est tr\u00e8s bien con\u00e7ue et qu\u2019elle a \u00e9t\u00e9 r\u00e9alis\u00e9e de la bonne mani\u00e8re. C\u2019est sans aucun doute la r\u00e9f\u00e9rence de ces deux derni\u00e8res ann\u00e9es.\u201d explique-t-il via des propos relay\u00e9s par <a href=\"https:\/\/motorsport.nextgen-auto.com\/fr\/formule-1\/pourquoi-mercedes-f1-n-est-pas-genee-de-se-faire-battre-par-mclaren,203212.html\" target=\"_blank\" rel=\"noopener\">motorsport.nextgen<\/a><\/p>\n<p>Il faut \u00e9galement savoir que lorsque McLaren a remport\u00e9 le championnat constructeur, le Grand Prix a \u00e9t\u00e9 remport\u00e9 par George Russell, pilote chez Mercedes.<\/p>\n<p>    Partagez cette info avec vos amis et vos proches en cliquant ici  <\/p>\n<p> Podcasts \u00e0 la une MEN LIFE <\/p>\n<p>    Pour r\u00e9sumer<\/p>\n<p>Avec un championnat constructeur remport\u00e9 par McLaren et un championnat pilote presque remport\u00e9 par un pilote de la m\u00eame \u00e9curie, Mercedes n&rsquo;est pas g\u00ean\u00e9 de se faire battre par l&rsquo;\u00e9curie Britannique. Pour Toto Wolff, l&rsquo;\u00e9curie brille quand m\u00eame indirectement.<\/p>\n<p>R\u00e9dacteur<\/p>\n<p><img decoding=\"async\" width=\"76\" height=\"76\" loading=\"lazy\" src=\"https:\/\/www.europesays.com\/fr\/wp-content\/uploads\/2025\/04\/avatar-sport-am.png\" alt=\"Cylia Espiau\"\/><\/p>\n","protected":false},"excerpt":{"rendered":"Apr\u00e8s avoir \u00e9t\u00e9 battue par Redbull ces derni\u00e8res ann\u00e9es, Mercedes a quand m\u00eame r\u00e9ussi \u00e0 remporter des titres&hellip;\n","protected":false},"author":2,"featured_media":463144,"comment_status":"","ping_status":"","sticky":false,"template":"","format":"standard","meta":{"footnotes":""},"categories":[1412],"tags":[1451,1452,1453,1454,1455,1011,27,60],"class_list":{"0":"post-463143","1":"post","2":"type-post","3":"status-publish","4":"format-standard","5":"has-post-thumbnail","7":"category-f1","8":"tag-f1","9":"tag-formula-1","10":"tag-formula1","11":"tag-formule-1","12":"tag-formule1","13":"tag-fr","14":"tag-france","15":"tag-sports"},"share_on_mastodon":{"url":"https:\/\/pubeurope.com\/@fr\/115374289731266487","error":""},"_links":{"self":[{"href":"https:\/\/www.europesays.com\/fr\/wp-json\/wp\/v2\/posts\/463143","targetHints":{"allow":["GET"]}}],"collection":[{"href":"https:\/\/www.europesays.com\/fr\/wp-json\/wp\/v2\/posts"}],"about":[{"href":"https:\/\/www.europesays.com\/fr\/wp-json\/wp\/v2\/types\/post"}],"author":[{"embeddable":true,"href":"https:\/\/www.europesays.com\/fr\/wp-json\/wp\/v2\/users\/2"}],"replies":[{"embeddable":true,"href":"https:\/\/www.europesays.com\/fr\/wp-json\/wp\/v2\/comments?post=463143"}],"version-history":[{"count":0,"href":"https:\/\/www.europesays.com\/fr\/wp-json\/wp\/v2\/posts\/463143\/revisions"}],"wp:featuredmedia":[{"embeddable":true,"href":"https:\/\/www.europesays.com\/fr\/wp-json\/wp\/v2\/media\/463144"}],"wp:attachment":[{"href":"https:\/\/www.europesays.com\/fr\/wp-json\/wp\/v2\/media?parent=463143"}],"wp:term":[{"taxonomy":"category","embeddable":true,"href":"https:\/\/www.europesays.com\/fr\/wp-json\/wp\/v2\/categories?post=463143"},{"taxonomy":"post_tag","embeddable":true,"href":"https:\/\/www.europesays.com\/fr\/wp-json\/wp\/v2\/tags?post=463143"}],"curies":[{"name":"wp","href":"https:\/\/api.w.org\/{rel}","templated":true}]}}