{"id":463171,"date":"2025-10-14T20:11:11","date_gmt":"2025-10-14T20:11:11","guid":{"rendered":"https:\/\/www.europesays.com\/fr\/463171\/"},"modified":"2025-10-14T20:11:11","modified_gmt":"2025-10-14T20:11:11","slug":"des-cigares-et-du-champagne-on-sen-fiche-malgre-le-coup-de-pression-de-trump-netanyahou-rattrape-par-ses-ennuis-judiciaires-le-parisien","status":"publish","type":"post","link":"https:\/\/www.europesays.com\/fr\/463171\/","title":{"rendered":"\u00ab Des cigares et du champagne, on s\u2019en fiche ! \u00bb : malgr\u00e9 le coup de pression de Trump, Netanyahou rattrap\u00e9 par ses ennuis judiciaires &#8211; Le Parisien"},"content":{"rendered":"<ol>\n<li><a href=\"https:\/\/news.google.com\/rss\/articles\/CBMitwJBVV95cUxQbEVBUk05UmQ5OGk5TlFzMVRDb0hsRkVxUW1KSzlmV3FuSHNsRVVXZUlQa3dPazlKMWRIeUlUdjB5SFZ5TEIxVTRHeWdvdkpNdkZOZjE1T2RNN0dxM2RwZWJjanpPZkNIZjdIQ05DRU5rTmI2dk9rc0Z2Y0VrNmVwdXl2THhtdFk5QjhkREhtck9PelNUcFB6ZGVzeW9UeEluSHBCT1RiRWhjZWRTR3hGMXV4NHM1UTBnbWtKRHhab2w3OXY4TWJidXZMRGtoQV9Td0N6aERUbXJJMWVRY1ZLRzEwOFducFZwVnJFTTFrdFJkamNmZ05lMmFwU2hYMHpvcXZIRnlFaGZNQVBCbUQ3cnJfWDNBekV1VFVXX2tIRkNQNDZDdUlWUXZjZTlKanE2RmlTTWlySQ?oc=5\" target=\"_blank\" rel=\"noopener\">\u00ab Des cigares et du champagne, on s\u2019en fiche ! \u00bb : malgr\u00e9 le coup de pression de Trump, Netanyahou rattrap\u00e9 par ses ennuis judiciaires<\/a>&nbsp;&nbsp;Le Parisien<\/li>\n<li><a href=\"https:\/\/news.google.com\/rss\/articles\/CBMikwJBVV95cUxNNmNNMFVSVmFxZmVIOVZJTHFIQk9lRzY0YTBMLTB6T0ZqbjRaN04zQy1xTENidE1maXBkakVkbXZtNUwzUzdYUUpFc2oxYnp2aVRaVS1aZkEzYmRkSWFRcHU0TktxcEdSZFRORC1yVzJZeE5hemFHcEZEeW9Bd2Q1ZFhOMndMNTN3ZjlReVhubXlDRlBzdTI0VWx0RE55dDVDeWVIMThUcW5zVjBVLXRBVE9Wc1hJTlpPcU1RZTFTM0ZVb0Z1RTcwOWo4b1BldTI5cUxCaURReG1NbHQ3RXV4bUdKdi1vT0xfNFVqY3laOHdYWVdsRERPeS1iRzZYVHFSY0h0Z3FydndzWEtxUEpDVnF5MA?oc=5\" target=\"_blank\" rel=\"noopener\">Donald Trump et la guerre \u00e0 Gaza : huit mois de recalibrage et le succ\u00e8s d\u2019une approche hors norme de la diplomatie<\/a>&nbsp;&nbsp;Le Monde.fr<\/li>\n<li><a href=\"https:\/\/news.google.com\/rss\/articles\/CBMiugJBVV95cUxNNmVZQzM0aURnUEdYYm5NblRGX2tvX1A4WWg4Q1liN3JlZzE5VGlRcTJMNmx0V1JtX0diSlZVb0M2d0ZsVXF5ZFFTeWdGX0FwWnk1YndoX1Z5Y0YweHFraVE3NWJzel9fVFVVdm9yczRULWZmTWF2azNEMkZkWWJkaDNMM0otTnhOM3owZXp6R0JxNFdaYUpKaHJaM2MtUkRFbldCSHdwTjZGd292d2pkcy0xMG1zQUtOZzBIY3VzSkxOYXB6ZTl4X0s1RDJSbDlxQ0I4MDN0VGp5cDNCWGllajl5dlh5WXlzNFlDSmtOQzNpZFBQNzljeXFHRmRaN0FEcFdzcXBzSXRXalpselRZYjB1aktieVlmcVJFTk0xSW5wbmk1ZzRnRVctRFZhamlfWG11NzZfQWNUUQ?oc=5\" target=\"_blank\" rel=\"noopener\">Plan de paix \u00e0 Gaza : apr\u00e8s la lib\u00e9ration des otages, la guerre entre Isra\u00ebl et le Hamas est-elle vraiment \u00ab\u00a0finie\u00a0\u00bb, comme l\u2019affirme Donald Trump ?<\/a>&nbsp;&nbsp;Franceinfo<\/li>\n<li><a href=\"https:\/\/news.google.com\/rss\/articles\/CBMitAFBVV95cUxPd2NxR00wcTkyZ19VTEhqejVNVDFobU1HSXpYU3JhQURhbVVfVHpQaTFYS3lLSVBFR29jTGh2dUdJbUhhWk4yQ3UzMDIwUS1oOWtodi1lR2E0Yktjd1p2Sl84dTZ5R21yUDJWZjdDTi0xVFMtdmV3d3BDR1VXcl84UEx2TnBzSGo3U3FEVDFGTEdyMk5aNEU3dlg5QmV2R0hDdEU3bVJieGtxX2F6Z1VnaHZZaFM?oc=5\" target=\"_blank\" rel=\"noopener\">\u00ab Les fronti\u00e8res de la \u2019\u2019Terre d\u2019Isra\u00ebl\u2019\u2019 biblique sont flottantes et incertaines \u00bb<\/a>&nbsp;&nbsp;La Croix<\/li>\n<li><a href=\"https:\/\/news.google.com\/rss\/articles\/CBMiZ0FVX3lxTFBYRmcxSFRkRzFuUTRLdldFSGlnb2tFdzViSmN1aTlZUHFmRW5iakliQmhWMjJ2VWpRaWFTMjhkUE1SZm5Pa2x0Q1g2andjUElvYW1JT2s2UGFYejhISjBfaUpJcFYwaUU?oc=5\" target=\"_blank\" rel=\"noopener\">\u00ab C\u2019est la fin de la guerre \u00bb : le discours de Donald Trump \u00e0 la Knesset<\/a>&nbsp;&nbsp;Le Grand Continent<\/li>\n<\/ol>\n","protected":false},"excerpt":{"rendered":"\u00ab Des cigares et du champagne, on s\u2019en fiche ! \u00bb : malgr\u00e9 le coup de pression de&hellip;\n","protected":false},"author":2,"featured_media":463172,"comment_status":"","ping_status":"","sticky":false,"template":"","format":"standard","meta":{"footnotes":""},"categories":[5],"tags":[11,1011,27,14,664,12,28],"class_list":{"0":"post-463171","1":"post","2":"type-post","3":"status-publish","4":"format-standard","5":"has-post-thumbnail","7":"category-international","8":"tag-actualites","9":"tag-fr","10":"tag-france","11":"tag-international","12":"tag-israel","13":"tag-news","14":"tag-world"},"share_on_mastodon":{"url":"https:\/\/pubeurope.com\/@fr\/115374344375915469","error":""},"_links":{"self":[{"href":"https:\/\/www.europesays.com\/fr\/wp-json\/wp\/v2\/posts\/463171","targetHints":{"allow":["GET"]}}],"collection":[{"href":"https:\/\/www.europesays.com\/fr\/wp-json\/wp\/v2\/posts"}],"about":[{"href":"https:\/\/www.europesays.com\/fr\/wp-json\/wp\/v2\/types\/post"}],"author":[{"embeddable":true,"href":"https:\/\/www.europesays.com\/fr\/wp-json\/wp\/v2\/users\/2"}],"replies":[{"embeddable":true,"href":"https:\/\/www.europesays.com\/fr\/wp-json\/wp\/v2\/comments?post=463171"}],"version-history":[{"count":0,"href":"https:\/\/www.europesays.com\/fr\/wp-json\/wp\/v2\/posts\/463171\/revisions"}],"wp:featuredmedia":[{"embeddable":true,"href":"https:\/\/www.europesays.com\/fr\/wp-json\/wp\/v2\/media\/463172"}],"wp:attachment":[{"href":"https:\/\/www.europesays.com\/fr\/wp-json\/wp\/v2\/media?parent=463171"}],"wp:term":[{"taxonomy":"category","embeddable":true,"href":"https:\/\/www.europesays.com\/fr\/wp-json\/wp\/v2\/categories?post=463171"},{"taxonomy":"post_tag","embeddable":true,"href":"https:\/\/www.europesays.com\/fr\/wp-json\/wp\/v2\/tags?post=463171"}],"curies":[{"name":"wp","href":"https:\/\/api.w.org\/{rel}","templated":true}]}}