{"id":463188,"date":"2025-10-14T20:20:13","date_gmt":"2025-10-14T20:20:13","guid":{"rendered":"https:\/\/www.europesays.com\/fr\/463188\/"},"modified":"2025-10-14T20:20:13","modified_gmt":"2025-10-14T20:20:13","slug":"venez-trinquer-avec-we-love-montpellier","status":"publish","type":"post","link":"https:\/\/www.europesays.com\/fr\/463188\/","title":{"rendered":"Venez trinquer avec We Love Montpellier"},"content":{"rendered":"<p class=\"p2\">Pour c\u00e9l\u00e9brer son nouveau d\u00e9veloppement (en partenariat avec l\u2019agence Paloha), la toute premi\u00e8re soir\u00e9e de lancement est organis\u00e9e. <b>Rendez-vous est donn\u00e9 le jeudi 16 octobre au bar Le Kaleido<\/b> (2 rue Jules Latreilhe), pour une soir\u00e9e <b>100 % gratuite<\/b> et ouverte \u00e0 tous !<\/p>\n<p class=\"p2\">C\u2019est l\u2019occasion r\u00eav\u00e9e de mettre des visages sur les pseudos, de partager votre passion pour Montpellier et de d\u00e9couvrir en avant-premi\u00e8re toutes les belles surprises que We Love Montpellier vous r\u00e9serve pour la suite.<\/p>\n<p class=\"p2\">Et le meilleur dans tout \u00e7a ? L\u2019entr\u00e9e est <b>100 % gratuite<\/b> et la f\u00eate est <b>ouverte \u00e0 tous<\/b> ceux qui aiment leur ville !<\/p>\n<p><b>Regardez le programme :<\/b><b\/><\/p>\n<ul class=\"ul1\">\n<li class=\"li2\"><b>19h30 \u2013 21h : On trinque et on papote !<\/b> C\u2019est le moment d\u2019\u00e9changer avec Oc\u00e9ane et toute la communaut\u00e9, un verre \u00e0 la main. Pr\u00e9parez vos papilles : on aura le droit \u00e0 de savoureuses <b>d\u00e9gustations de vins<\/b> des caves Cavignac et aux douceurs croustillantes de <b>Passionn\u00e9ment Biscuiterie<\/b>. Miam !<\/li>\n<li class=\"li2\"><b>21h \u2013 21h30 : Le moment \u00e9motions.<\/b> On \u00e9coute les mots d\u2019Oc\u00e9ane et de ses \u00e9quipes pour lancer officiellement cette nouvelle \u00e8re.<\/li>\n<li class=\"li2\"><b>21h30 \u2013 1h : Danse jusqu\u2019\u00e0 1h du mat <\/b>sur le <b>DJ set<\/b> endiabl\u00e9 de <b>Mad Cub<\/b>.<\/li>\n<\/ul>\n<p class=\"p2\"><b>INFOS PRATIQUES :<\/b><b\/><\/p>\n<ul class=\"ul1\">\n<li class=\"li2\"><b>QUAND :<\/b> Jeudi 16 octobre, \u00e0 partir de 19h30<\/li>\n<li class=\"li2\"><b>O\u00d9 :<\/b> Bar Le Kaleido, 2 rue Jules Latreilhe, Montpellier<\/li>\n<\/ul>\n<blockquote class=\"instagram-media\" style=\"background: #FFF; border: 0; border-radius: 3px; box-shadow: 0 0 1px 0 rgba(0,0,0,0.5),0 1px 10px 0 rgba(0,0,0,0.15); margin: 1px; max-width: 540px; min-width: 326px; padding: 0; width: calc(100% - 2px);\" data-instgrm-captioned=\"\" data-instgrm-permalink=\"https:\/\/www.instagram.com\/reel\/DO88707DB7t\/?utm_source=ig_embed&amp;utm_campaign=loading\" data-instgrm-version=\"14\">\n<\/blockquote>\n<p>\t\t\t\t\t\t\t\t\t\t\t\t\t\t\t<script async src=\"\/\/www.instagram.com\/embed.js\"><\/script><\/p>\n","protected":false},"excerpt":{"rendered":"Pour c\u00e9l\u00e9brer son nouveau d\u00e9veloppement (en partenariat avec l\u2019agence Paloha), la toute premi\u00e8re soir\u00e9e de lancement est organis\u00e9e.&hellip;\n","protected":false},"author":2,"featured_media":463189,"comment_status":"","ping_status":"","sticky":false,"template":"","format":"standard","meta":{"footnotes":""},"categories":[9599],"tags":[1111,11,1777,674,1011,27,2208,12,2680,25],"class_list":{"0":"post-463188","1":"post","2":"type-post","3":"status-publish","4":"format-standard","5":"has-post-thumbnail","7":"category-montpellier","8":"tag-actu","9":"tag-actualites","10":"tag-eu","11":"tag-europe","12":"tag-fr","13":"tag-france","14":"tag-montpellier","15":"tag-news","16":"tag-occitanie","17":"tag-republique-francaise"},"share_on_mastodon":{"url":"https:\/\/pubeurope.com\/@fr\/115374379822272048","error":""},"_links":{"self":[{"href":"https:\/\/www.europesays.com\/fr\/wp-json\/wp\/v2\/posts\/463188","targetHints":{"allow":["GET"]}}],"collection":[{"href":"https:\/\/www.europesays.com\/fr\/wp-json\/wp\/v2\/posts"}],"about":[{"href":"https:\/\/www.europesays.com\/fr\/wp-json\/wp\/v2\/types\/post"}],"author":[{"embeddable":true,"href":"https:\/\/www.europesays.com\/fr\/wp-json\/wp\/v2\/users\/2"}],"replies":[{"embeddable":true,"href":"https:\/\/www.europesays.com\/fr\/wp-json\/wp\/v2\/comments?post=463188"}],"version-history":[{"count":0,"href":"https:\/\/www.europesays.com\/fr\/wp-json\/wp\/v2\/posts\/463188\/revisions"}],"wp:featuredmedia":[{"embeddable":true,"href":"https:\/\/www.europesays.com\/fr\/wp-json\/wp\/v2\/media\/463189"}],"wp:attachment":[{"href":"https:\/\/www.europesays.com\/fr\/wp-json\/wp\/v2\/media?parent=463188"}],"wp:term":[{"taxonomy":"category","embeddable":true,"href":"https:\/\/www.europesays.com\/fr\/wp-json\/wp\/v2\/categories?post=463188"},{"taxonomy":"post_tag","embeddable":true,"href":"https:\/\/www.europesays.com\/fr\/wp-json\/wp\/v2\/tags?post=463188"}],"curies":[{"name":"wp","href":"https:\/\/api.w.org\/{rel}","templated":true}]}}