{"id":463190,"date":"2025-10-14T20:21:14","date_gmt":"2025-10-14T20:21:14","guid":{"rendered":"https:\/\/www.europesays.com\/fr\/463190\/"},"modified":"2025-10-14T20:21:14","modified_gmt":"2025-10-14T20:21:14","slug":"poche-dechiree-zip-endommage-ou-bouton-decousu-des-reparations-gratuites-de-vetements-jeudi-et-vendredi-au-magasin-uniqlo-de-montpellier","status":"publish","type":"post","link":"https:\/\/www.europesays.com\/fr\/463190\/","title":{"rendered":"Poche d\u00e9chir\u00e9e, zip endommag\u00e9 ou bouton d\u00e9cousu\u00a0: des r\u00e9parations gratuites de v\u00eatements jeudi et vendredi au magasin Uniqlo de Montpellier"},"content":{"rendered":"<p>\n                                                                \u00c0 l\u2019occasion des Journ\u00e9es nationales de la r\u00e9paration, le magasin situ\u00e9 dans les Halles Castellane propose des ateliers de r\u00e9paration gratuits de v\u00eatements de toutes marques.\n                            <\/p>\n<p>Plus question de jeter. D\u00e9sormais, on r\u00e9pare.\u00a0C\u2019est le d\u00e9fi que se lance l\u2019enseigne Uniqlo jeudi\u00a016 et vendredi 17\u00a0octobre de 10\u00a0h \u00e0 14\u00a0h et de 15\u00a0h \u00e0 19\u00a0h dans un objectif de r\u00e9emploi.<\/p>\n<p>\u00c0 l\u2019occasion des Journ\u00e9es nationales de la r\u00e9paration qui ont lieu du 16 au 19\u00a0octobre, le magasin montpelli\u00e9rain, install\u00e9 dans les Halles Castellane entre la place Jean-Jaur\u00e8s et la pr\u00e9fecture, est partenaire d\u2019une initiative vertueuse pour donner une seconde vie aux v\u00eatements endommag\u00e9s. Pendant ces deux jours, l\u2019enseigne s\u2019associe avec le service de r\u00e9paration textile les R\u00e9parables, bas\u00e9e en Vend\u00e9e. Les professionnels proposeront des solutions de r\u00e9paration sur place pour redonner vie\u00a0aux v\u00eatements des clients gratuitement.<\/p>\n<p>Comment \u00e7a marche\u00a0?<\/p>\n<p>Dans la limite d\u2019un article par personne, tout\u00a0type de v\u00eatements peut \u00eatre pris en charge, quelle que soit la marque. Seule condition, t\u00e9l\u00e9charger l\u2019application Uniqlo.<\/p>\n<p>Sur son site internet, la marque affirme que \u00ab\u00a0toutes les petites r\u00e9parations sont possibles\u00a0\u00bb. Mais comme les v\u00eatements doivent \u00eatre d\u00e9pos\u00e9s en magasin, repris\u00e9s et r\u00e9cup\u00e9r\u00e9s dans la m\u00eame journ\u00e9e, les interventions qui n\u00e9cessiteront plus de temps, d\u2019\u00e9quipements ou de fournitures ne seront pas possibles sur place. Par exemple, les coutures simples, les petits accros, la r\u00e9paration d\u2019un curseur de zip ou\u00a0la couture d\u2019un bouton seront accept\u00e9s. En revanche, les remplacements complets de doublures, de fermetures, ou d\u2019empi\u00e8cements complexes ne seront pas possibles.<\/p>\n<p>En cas de doute, l\u2019enseigne invite ses clients \u00e0 se rendre directement en magasin avec le v\u00eatement.<\/p>\n","protected":false},"excerpt":{"rendered":"\u00c0 l\u2019occasion des Journ\u00e9es nationales de la r\u00e9paration, le magasin situ\u00e9 dans les Halles Castellane propose des ateliers&hellip;\n","protected":false},"author":2,"featured_media":463191,"comment_status":"","ping_status":"","sticky":false,"template":"","format":"standard","meta":{"footnotes":""},"categories":[9599],"tags":[1111,11,1777,674,1011,27,2208,12,2680,25],"class_list":{"0":"post-463190","1":"post","2":"type-post","3":"status-publish","4":"format-standard","5":"has-post-thumbnail","7":"category-montpellier","8":"tag-actu","9":"tag-actualites","10":"tag-eu","11":"tag-europe","12":"tag-fr","13":"tag-france","14":"tag-montpellier","15":"tag-news","16":"tag-occitanie","17":"tag-republique-francaise"},"share_on_mastodon":{"url":"https:\/\/pubeurope.com\/@fr\/115374383809283678","error":""},"_links":{"self":[{"href":"https:\/\/www.europesays.com\/fr\/wp-json\/wp\/v2\/posts\/463190","targetHints":{"allow":["GET"]}}],"collection":[{"href":"https:\/\/www.europesays.com\/fr\/wp-json\/wp\/v2\/posts"}],"about":[{"href":"https:\/\/www.europesays.com\/fr\/wp-json\/wp\/v2\/types\/post"}],"author":[{"embeddable":true,"href":"https:\/\/www.europesays.com\/fr\/wp-json\/wp\/v2\/users\/2"}],"replies":[{"embeddable":true,"href":"https:\/\/www.europesays.com\/fr\/wp-json\/wp\/v2\/comments?post=463190"}],"version-history":[{"count":0,"href":"https:\/\/www.europesays.com\/fr\/wp-json\/wp\/v2\/posts\/463190\/revisions"}],"wp:featuredmedia":[{"embeddable":true,"href":"https:\/\/www.europesays.com\/fr\/wp-json\/wp\/v2\/media\/463191"}],"wp:attachment":[{"href":"https:\/\/www.europesays.com\/fr\/wp-json\/wp\/v2\/media?parent=463190"}],"wp:term":[{"taxonomy":"category","embeddable":true,"href":"https:\/\/www.europesays.com\/fr\/wp-json\/wp\/v2\/categories?post=463190"},{"taxonomy":"post_tag","embeddable":true,"href":"https:\/\/www.europesays.com\/fr\/wp-json\/wp\/v2\/tags?post=463190"}],"curies":[{"name":"wp","href":"https:\/\/api.w.org\/{rel}","templated":true}]}}