{"id":463194,"date":"2025-10-14T20:23:11","date_gmt":"2025-10-14T20:23:11","guid":{"rendered":"https:\/\/www.europesays.com\/fr\/463194\/"},"modified":"2025-10-14T20:23:11","modified_gmt":"2025-10-14T20:23:11","slug":"les-travaux-ont-commence-pour-agrandir-ce-college-suroccupe","status":"publish","type":"post","link":"https:\/\/www.europesays.com\/fr\/463194\/","title":{"rendered":"les travaux ont commenc\u00e9 pour agrandir ce coll\u00e8ge suroccup\u00e9"},"content":{"rendered":"<p>            Par<br \/>\n        <strong><br \/>\n            <a href=\"https:\/\/actu.fr\/auteur\/aurelien-delavaud\" title=\"Consulter tous les articles de Aur\u00e9lien Delavaud\" rel=\"nofollow noopener\" target=\"_blank\">Aur\u00e9lien Delavaud<\/a><br \/>\n        <\/strong><\/p>\n<p>        Publi\u00e9 le<\/p>\n<p>            14 oct. 2025 \u00e0 20h14        <\/p>\n<p>En 2025, 592 \u00e9l\u00e8ves y sont inscrits, pour une capacit\u00e9 th\u00e9orique de 500 places. Cette donn\u00e9e r\u00e9sume \u00e0 elle seule la situation du <b>coll\u00e8ge Nelson-Mandela<\/b>, \u00e0 <a href=\"https:\/\/actu.fr\/normandie\/elbeuf_76231\" rel=\"nofollow noopener\" target=\"_blank\">Elbeuf (Seine-Maritime)<\/a>. Malgr\u00e9 la <a href=\"https:\/\/actu.fr\/normandie\/elbeuf_76231\/sureffectif-au-college-mandela-d-elbeuf-le-departement-et-la-ville-avancent-des-solutions_56582960.html\" rel=\"nofollow noopener\" target=\"_blank\">resectorisation imagin\u00e9e il y a deux ans, pour envoyer certains \u00e9coliers vers le coll\u00e8ge voisin<\/a> de Caudebec, les <b>\u00e9l\u00e8ves sont \u00e0 l\u2019\u00e9troit<\/b> dans cet \u00e9tablissement encore r\u00e9cent, inaugur\u00e9 en 2011 pour remplacer le Mont-Vallot. Mais comment expliquer une telle situation, moins de 15 ans apr\u00e8s son entr\u00e9e en service ? Et surtout, comment le <b>chantier<\/b> commenc\u00e9 \u00e0 l\u2019\u00e9t\u00e9 2025 peut y rem\u00e9dier ?<\/p>\n<p>Mal dimensionn\u00e9 d\u00e8s le d\u00e9part ?<\/p>\n<p class=\" wall-content\">\u00ab C\u2019est un tr\u00e8s beau coll\u00e8ge, qui est bien entretenu. Mais il a peut-\u00eatre \u00e9t\u00e9 mal dimensionn\u00e9 d\u00e8s 2011 \u00bb, analyse <b>Chantal Cottereau<\/b>, vice-pr\u00e9sidente au <b>D\u00e9partement de la Seine-Maritime<\/b>, en charge des coll\u00e8ges et de la r\u00e9ussite \u00e9ducative.<\/p>\n<blockquote class=\"ac-article-quote wall-content\">\n<p>Sur la m\u00e9tropole rouennaise et \u00e0 Elbeuf, il y a eu une augmentation des effectifs, Il y a une d\u00e9mographie qui augmente pas mal, mais qui va commencer \u00e0 diminuer d\u2019ici un an. Il fallait passer ce pic.<\/p>\n<p>Chantal Cottereau<\/p><\/blockquote>\n<p class=\" wall-content\">En attendant de passer ce cap, le D\u00e9partement a lanc\u00e9 cet \u00e9t\u00e9 un <b>gros chantier<\/b> qui doit durer plusieurs mois, afin de soulager cette pression.<\/p>\n<p class=\" wall-content\">Sur le c\u00f4t\u00e9 du coll\u00e8ge, si l\u2019on regarde attentivement entre les arbres depuis la rue du Neubourg, un petit cube de b\u00e9ton a commenc\u00e9 \u00e0 pousser ces derni\u00e8res semaines. C\u2019est la <b>principale extension<\/b> pr\u00e9vue dans ce chantier \u00e9valu\u00e9 \u00e0 environ <b>deux millions d\u2019euros<\/b>.<\/p>\n<p>Nouveau pr\u00e9au, nouveau foyer, sanitaires\u2026<\/p>\n<p class=\" wall-content\">\u00ab Cette enveloppe concerne la construction d\u2019<b>un foyer<\/b> pour les enfants, alors qu\u2019il n\u2019y en avait pas encore, des <b>nouveaux sanitaires<\/b> et la construction d\u2019un <b>nouveau pr\u00e9au<\/b> \u00bb, liste Chantal Cottereau.<\/p>\n<p class=\" wall-content\">Ce nouveau pr\u00e9au est un \u00e9l\u00e9ment tr\u00e8s important, selon elle. \u00ab Je pense que le pr\u00e9au a \u00e9t\u00e9 mal pens\u00e9, d\u00e8s le d\u00e9part. Les enfants n\u2019ont pas assez de place quand il pleut, avec les casiers, d\u00e9crit l\u2019\u00e9lue. On a regard\u00e9 avec la mairie, les \u00e9lus et les parents d\u2019\u00e9l\u00e8ves et on a d\u00e9cid\u00e9 de <b>construire un deuxi\u00e8me pr\u00e9au<\/b>, en face, le long de la ligne de chemin de fer, pour accueillir les casiers. \u00bb<\/p>\n<p>Votre r\u00e9gion, votre actu !<\/p>\n<p>Recevez chaque jour les infos qui comptent pour vous.<\/p>\n<p>\t<a href=\"https:\/\/actu.fr\/newsletter\" class=\"ac-btn ac-btn--corner ac-btn--medium ac-btn--blue800\" rel=\"nofollow noopener\" target=\"_blank\">S&rsquo;incrire<\/a><br \/>\nOptimiser l\u2019espace<\/p>\n<p class=\" wall-content\">Si elle assure qu\u2019elle ne souhaite pas juger le travail des \u00e9quipes en place lors de la conception du coll\u00e8ge Mandela, Chantal Cottereau estime que certains aspects n\u2019ont pas \u00e9t\u00e9 optimis\u00e9s. Un exemple ? Des <b>travaux d\u2019am\u00e9nagement<\/b> doivent \u00e9galement \u00eatre men\u00e9s autour des deux laboratoires de sciences.<\/p>\n<blockquote class=\"ac-article-quote wall-content\">\n<p>Aujourd\u2019hui, pour y acc\u00e9der et pr\u00e9parer les travaux pratiques, les enseignants doivent traverser les salles de classe et g\u00eaner les cours. Nous allons cr\u00e9er des acc\u00e8s ind\u00e9pendants, depuis le couloir.<\/p>\n<p>Chantal Cottereau<\/p><\/blockquote>\n<p class=\" wall-content\">Sur d\u2019autres points, en revanche, les usages ont d\u00e9j\u00e0 \u00e9volu\u00e9 en l\u2019espace de 15 ans. C\u2019est le cas par exemple des toilettes, qui demandent une vigilance accrue de la part des surveillants et des professeurs. \u00ab Le nouveau bloc de sanitaires pr\u00e9vu dans les travaux doit permettre de garder un \u0153il plus facilement pour le personnel \u00bb, annonce Chantal Cottereau.<\/p>\n<p class=\" wall-content\">L\u2019enveloppe globale de travaux pr\u00e9voit \u00e9galement la r\u00e9fection d\u2019un terrain multisport, la cr\u00e9ation d\u2019une salle pour les parents et la pose de nouvelles cl\u00f4tures, \u00ab pour ne pas que les enfants puissent s\u2019\u00e9chapper \u00bb, lance la conseill\u00e8re d\u00e9partementale dans un \u00e9clat de rire.<\/p>\n<p>Une livraison d\u00e8s d\u00e9but 2026 ?<\/p>\n<p class=\" wall-content\">Selon le plan pr\u00e9visionnel du D\u00e9partement, le chantier qui a d\u00e9j\u00e0 commenc\u00e9 devrait \u00ab \u00eatre termin\u00e9 en principe en f\u00e9vrier ou en mars\u00a02026 \u00bb.<\/p>\n<p class=\" wall-content\">Ce calendrier, \u00ab construit avec le principal et les \u00e9quipes \u00bb, a \u00e9t\u00e9 pr\u00e9vu pour r\u00e9duire au maximum les <b>nuisances pour les \u00e9l\u00e8ves<\/b>. Par exemple, le D\u00e9partement encourage les entreprises \u00e0 concentrer les missions les plus bruyantes le mercredi ou pendant les vacances scolaires.<\/p>\n<p class=\" wall-content\">\u00ab Je ne vais pas dire qu\u2019il n\u2019y a pas de d\u00e9sagr\u00e9ments, ce serait mentir, reconna\u00eet Chantal Cottereau. Mais pour avoir un meilleur coll\u00e8ge \u00e0 l\u2019avenir, il faut en passer par l\u00e0 ! \u00bb<\/p>\n<p class=\" wall-content\">Personnalisez votre actualit\u00e9 en ajoutant vos villes et m\u00e9dias en favori avec <a href=\"https:\/\/moncompte.actu.fr\" title=\"D\u00e9couvez Mon Actu\" rel=\"nofollow noopener\" data-trk=\"{&quot;cta&quot;:{&quot;action&quot;:&quot;https:\\\/\\\/moncompte.actu.fr&quot;,&quot;category&quot;:&quot;mon compte&quot;,&quot;from&quot;:&quot;article footer&quot;,&quot;name&quot;:&quot;Mon actu&quot;,&quot;type&quot;:&quot;cta&quot;}}\" target=\"_blank\">Mon Actu<\/a>.<\/p>\n","protected":false},"excerpt":{"rendered":"Par Aur\u00e9lien Delavaud Publi\u00e9 le 14 oct. 2025 \u00e0 20h14 En 2025, 592 \u00e9l\u00e8ves y sont inscrits, pour&hellip;\n","protected":false},"author":2,"featured_media":463195,"comment_status":"","ping_status":"","sticky":false,"template":"","format":"standard","meta":{"footnotes":""},"categories":[9587],"tags":[1111,11,1057,1719,1777,674,1011,27,12,5161,25,9590,104],"class_list":{"0":"post-463194","1":"post","2":"type-post","3":"status-publish","4":"format-standard","5":"has-post-thumbnail","7":"category-rouen","8":"tag-actu","9":"tag-actualites","10":"tag-education","11":"tag-enfants","12":"tag-eu","13":"tag-europe","14":"tag-fr","15":"tag-france","16":"tag-news","17":"tag-normandie","18":"tag-republique-francaise","19":"tag-rouen","20":"tag-societe"},"share_on_mastodon":{"url":"https:\/\/pubeurope.com\/@fr\/115374391611996132","error":""},"_links":{"self":[{"href":"https:\/\/www.europesays.com\/fr\/wp-json\/wp\/v2\/posts\/463194","targetHints":{"allow":["GET"]}}],"collection":[{"href":"https:\/\/www.europesays.com\/fr\/wp-json\/wp\/v2\/posts"}],"about":[{"href":"https:\/\/www.europesays.com\/fr\/wp-json\/wp\/v2\/types\/post"}],"author":[{"embeddable":true,"href":"https:\/\/www.europesays.com\/fr\/wp-json\/wp\/v2\/users\/2"}],"replies":[{"embeddable":true,"href":"https:\/\/www.europesays.com\/fr\/wp-json\/wp\/v2\/comments?post=463194"}],"version-history":[{"count":0,"href":"https:\/\/www.europesays.com\/fr\/wp-json\/wp\/v2\/posts\/463194\/revisions"}],"wp:featuredmedia":[{"embeddable":true,"href":"https:\/\/www.europesays.com\/fr\/wp-json\/wp\/v2\/media\/463195"}],"wp:attachment":[{"href":"https:\/\/www.europesays.com\/fr\/wp-json\/wp\/v2\/media?parent=463194"}],"wp:term":[{"taxonomy":"category","embeddable":true,"href":"https:\/\/www.europesays.com\/fr\/wp-json\/wp\/v2\/categories?post=463194"},{"taxonomy":"post_tag","embeddable":true,"href":"https:\/\/www.europesays.com\/fr\/wp-json\/wp\/v2\/tags?post=463194"}],"curies":[{"name":"wp","href":"https:\/\/api.w.org\/{rel}","templated":true}]}}