{"id":463198,"date":"2025-10-14T20:25:12","date_gmt":"2025-10-14T20:25:12","guid":{"rendered":"https:\/\/www.europesays.com\/fr\/463198\/"},"modified":"2025-10-14T20:25:12","modified_gmt":"2025-10-14T20:25:12","slug":"10%e1%b5%89-edition-du-salon-business-hydro","status":"publish","type":"post","link":"https:\/\/www.europesays.com\/fr\/463198\/","title":{"rendered":"10\u1d49 \u00e9dition du salon Business Hydro"},"content":{"rendered":"<p>La 10\u1d49 \u00e9dition de Business Hydro, le rendez-vous incontournable des experts de l\u2019hydro\u00e9lectricit\u00e9 et de l\u2019innovation, s\u2019est ouverte ce mardi matin \u00e0 Alpexpo, Grenoble.<\/p>\n<p>Au total, 200 exposants, donneurs d\u2019ordres et acteurs de l\u2019\u00e9nergie se sont r\u00e9unis pour \u00e9changer autour des d\u00e9fis et des innovations de la fili\u00e8re.<\/p>\n<p>\ud83c\udfa5 D\u00e9couvrez en images les temps forts de cette premi\u00e8re journ\u00e9e, avec les interventions de :<\/p>\n<p>-Roland VIDIL, pr\u00e9sident d\u2019Hydro 21<br \/>-Nicolas POT, pr\u00e9sident de General Electric Hydro France<br \/>-Marie-No\u00eblle BATTISTEL, d\u00e9put\u00e9e et vice-pr\u00e9sidente de la Commission des affaires \u00e9conomiques<br \/>-Mathieu DA CONCEI\u00c7\u00c3O, entreprise Artelia<br \/>-Mathieu STORTZ, directeur g\u00e9n\u00e9ral du CNR<br \/>-Emmanuel SAUNIER, soci\u00e9t\u00e9 Dauphelec<br \/>-S\u00e9bastien SOUDAIN, Eiffage M\u00e9tal<\/p>\n","protected":false},"excerpt":{"rendered":"La 10\u1d49 \u00e9dition de Business Hydro, le rendez-vous incontournable des experts de l\u2019hydro\u00e9lectricit\u00e9 et de l\u2019innovation, s\u2019est ouverte&hellip;\n","protected":false},"author":2,"featured_media":463199,"comment_status":"","ping_status":"","sticky":false,"template":"","format":"standard","meta":{"footnotes":""},"categories":[9566],"tags":[1111,11,2430,1777,674,1011,27,2731,12,25],"class_list":{"0":"post-463198","1":"post","2":"type-post","3":"status-publish","4":"format-standard","5":"has-post-thumbnail","7":"category-grenoble","8":"tag-actu","9":"tag-actualites","10":"tag-auvergne-rhone-alpes","11":"tag-eu","12":"tag-europe","13":"tag-fr","14":"tag-france","15":"tag-grenoble","16":"tag-news","17":"tag-republique-francaise"},"share_on_mastodon":{"url":"https:\/\/pubeurope.com\/@fr\/115374399416270920","error":""},"_links":{"self":[{"href":"https:\/\/www.europesays.com\/fr\/wp-json\/wp\/v2\/posts\/463198","targetHints":{"allow":["GET"]}}],"collection":[{"href":"https:\/\/www.europesays.com\/fr\/wp-json\/wp\/v2\/posts"}],"about":[{"href":"https:\/\/www.europesays.com\/fr\/wp-json\/wp\/v2\/types\/post"}],"author":[{"embeddable":true,"href":"https:\/\/www.europesays.com\/fr\/wp-json\/wp\/v2\/users\/2"}],"replies":[{"embeddable":true,"href":"https:\/\/www.europesays.com\/fr\/wp-json\/wp\/v2\/comments?post=463198"}],"version-history":[{"count":0,"href":"https:\/\/www.europesays.com\/fr\/wp-json\/wp\/v2\/posts\/463198\/revisions"}],"wp:featuredmedia":[{"embeddable":true,"href":"https:\/\/www.europesays.com\/fr\/wp-json\/wp\/v2\/media\/463199"}],"wp:attachment":[{"href":"https:\/\/www.europesays.com\/fr\/wp-json\/wp\/v2\/media?parent=463198"}],"wp:term":[{"taxonomy":"category","embeddable":true,"href":"https:\/\/www.europesays.com\/fr\/wp-json\/wp\/v2\/categories?post=463198"},{"taxonomy":"post_tag","embeddable":true,"href":"https:\/\/www.europesays.com\/fr\/wp-json\/wp\/v2\/tags?post=463198"}],"curies":[{"name":"wp","href":"https:\/\/api.w.org\/{rel}","templated":true}]}}