{"id":463202,"date":"2025-10-14T20:27:14","date_gmt":"2025-10-14T20:27:14","guid":{"rendered":"https:\/\/www.europesays.com\/fr\/463202\/"},"modified":"2025-10-14T20:27:14","modified_gmt":"2025-10-14T20:27:14","slug":"beye-se-croit-intouchable-la-sale-accusation","status":"publish","type":"post","link":"https:\/\/www.europesays.com\/fr\/463202\/","title":{"rendered":"Beye se croit intouchable, la sale accusation"},"content":{"rendered":"<p><b>Habib Beye est-il en danger \u00e0 Rennes ? Le technicien est persuad\u00e9 que non, mais des informations tr\u00e8s contradictoires sortent.<\/b>\u00a0<\/p>\n<p>Le <a href=\"https:\/\/www.foot01.com\/rennes\" target=\"_self\" rel=\"nofollow noopener\">Stade Rennais <\/a>connait un d\u00e9but de saison mitig\u00e9, pour ne pas dire d\u00e9cevant vus \u00e0 la fois le niveau de jeu de l\u2019\u00e9quipe malgr\u00e9 le recrutement effectu\u00e9, et le premier bilan comptable. Habib Beye, arriv\u00e9 au printemps dernier pour maintenir le club en Ligue 1 et prolong\u00e9 dans la foul\u00e9e, a pu pr\u00e9parer son \u00e9quipe pendant tout l\u2019\u00e9t\u00e9. Mais, \u00e0 l\u2019image du nul \u00e0 domicile en \u00e9tant domin\u00e9 par une \u00e9quipe de Lens r\u00e9duite \u00e0 10, ni le spectacle ni les r\u00e9sultats ne sont au rendez-vous. Et les joueurs semblent avoir l\u00e2ch\u00e9 \u00e9galement leur entraineur, \u00e0 l\u2019image des deux cadres que sont Seko Fofana et Brice Samba, qui ne seraient pas convaincus par les consignes et la tactique que met en place Habib Beye.\u00a0<\/p>\n<p>A tel point que la presse a r\u00e9cemment fait savoir que le si\u00e8ge du Franco-S\u00e9n\u00e9galais \u00e9tait en danger sur les prochains matchs s\u2019il n\u2019y avait pas une nette am\u00e9lioration. L\u2019ancien capitaine de l\u2019OM est de son c\u00f4t\u00e9 persuad\u00e9 d\u2019avoir toujours la confiance des propri\u00e9taires du club, la famille Pinault. Mais l\u00e0 aussi, ce serait beaucoup plus fragile que pr\u00e9vu selon les r\u00e9v\u00e9lations de l\u2019insider Mohamed Toubache-Ter.\u00a0<\/p>\n<p>Ce dernier s\u2019en prend r\u00e9guli\u00e8rement \u00e0 Habib Beye ces derniers mois, et la derni\u00e8re attaque est assez impitoyable. \u00ab\u00a0Dr\u00f4le de voir le coach rennais se sentir si puissant aupr\u00e8s des Pinault (alors que c\u2019est l&rsquo;inverse). Pensant qu&rsquo;il maitrise la situation et surtout consid\u00e9rant qu&rsquo;il passe au-dessus de sa direction (D\u00e9sir\u00e9\/Pouille) donc qu\u2019il ne serait pas en danger. Ah ce coach si s\u00fbr de lui, qui pense que son travail de \u00ab charmeur \u00bb lui permet d&rsquo;occuper le classement, tr\u00e8s en de\u00e7\u00e0 des objectifs fix\u00e9s (l&rsquo;Europe + identit\u00e9 de jeu)\u00a0\u00bb, a lanc\u00e9 l\u2019insider sur X (anciennement Twitter).\u00a0<\/p>\n<p>Si les prochaines semaines permettront de faire la lumi\u00e8re sur la situation au Stade Rennais, il est en tout cas \u00e9vident que la confusion r\u00e8gne au Stade Rennais, o\u00f9 les dirigeants bougent beaucoup ces derniers temps. L\u2019\u00e9poque o\u00f9 le club breton \u00e9tait r\u00e9guli\u00e8rement europ\u00e9en et tutoyait les places sur le podium semble bien lointaine.\u00a0<\/p>\n","protected":false},"excerpt":{"rendered":"Habib Beye est-il en danger \u00e0 Rennes ? Le technicien est persuad\u00e9 que non, mais des informations tr\u00e8s&hellip;\n","protected":false},"author":2,"featured_media":452626,"comment_status":"","ping_status":"","sticky":false,"template":"","format":"standard","meta":{"footnotes":""},"categories":[2821],"tags":[1111,11,829,1777,674,1011,27,12,584,25],"class_list":{"0":"post-463202","1":"post","2":"type-post","3":"status-publish","4":"format-standard","5":"has-post-thumbnail","7":"category-rennes","8":"tag-actu","9":"tag-actualites","10":"tag-bretagne","11":"tag-eu","12":"tag-europe","13":"tag-fr","14":"tag-france","15":"tag-news","16":"tag-rennes","17":"tag-republique-francaise"},"share_on_mastodon":{"url":"https:\/\/pubeurope.com\/@fr\/115374407318791289","error":""},"_links":{"self":[{"href":"https:\/\/www.europesays.com\/fr\/wp-json\/wp\/v2\/posts\/463202","targetHints":{"allow":["GET"]}}],"collection":[{"href":"https:\/\/www.europesays.com\/fr\/wp-json\/wp\/v2\/posts"}],"about":[{"href":"https:\/\/www.europesays.com\/fr\/wp-json\/wp\/v2\/types\/post"}],"author":[{"embeddable":true,"href":"https:\/\/www.europesays.com\/fr\/wp-json\/wp\/v2\/users\/2"}],"replies":[{"embeddable":true,"href":"https:\/\/www.europesays.com\/fr\/wp-json\/wp\/v2\/comments?post=463202"}],"version-history":[{"count":0,"href":"https:\/\/www.europesays.com\/fr\/wp-json\/wp\/v2\/posts\/463202\/revisions"}],"wp:featuredmedia":[{"embeddable":true,"href":"https:\/\/www.europesays.com\/fr\/wp-json\/wp\/v2\/media\/452626"}],"wp:attachment":[{"href":"https:\/\/www.europesays.com\/fr\/wp-json\/wp\/v2\/media?parent=463202"}],"wp:term":[{"taxonomy":"category","embeddable":true,"href":"https:\/\/www.europesays.com\/fr\/wp-json\/wp\/v2\/categories?post=463202"},{"taxonomy":"post_tag","embeddable":true,"href":"https:\/\/www.europesays.com\/fr\/wp-json\/wp\/v2\/tags?post=463202"}],"curies":[{"name":"wp","href":"https:\/\/api.w.org\/{rel}","templated":true}]}}