{"id":463211,"date":"2025-10-14T20:32:19","date_gmt":"2025-10-14T20:32:19","guid":{"rendered":"https:\/\/www.europesays.com\/fr\/463211\/"},"modified":"2025-10-14T20:32:19","modified_gmt":"2025-10-14T20:32:19","slug":"la-47e-fete-des-chataignes-cest-dimanche-dans-cette-commune-pres-de-nantes","status":"publish","type":"post","link":"https:\/\/www.europesays.com\/fr\/463211\/","title":{"rendered":"La 47e F\u00eate\u00a0des ch\u00e2taignes, c\u2019est dimanche dans cette commune pr\u00e8s de Nantes"},"content":{"rendered":"<p>C\u2019est chaque automne un moment toujours plaisant. Quand le temps le permet. Dimanche 19\u00a0octobre, la\u00a0soci\u00e9t\u00e9\u00a0des\u00a0amis\u00a0de\u00a0l\u2019\u00e9cole\u00a0la\u00efque de Saint-Herblain (Sael), association\u00a0citoyenne\u00a0d\u00e9clar\u00e9e\u00a0en\u00a0pr\u00e9fecture\u00a0depuis 1928, et qui regroupe\u00a0une\u00a0vingtaine\u00a0d\u2019activit\u00e9s\u00a0culturelles\u00a0et\u00a0sportives\u00a0pour\u00a0les\u00a0enfants\u00a0et\u00a0les\u00a0adultes, organise sa traditionnelle F\u00eate des ch\u00e2taignes. Cette 47e \u00e9dition d\u00e9butera \u00e0 14\u00a0h\u00a030, la Sael s\u2019appuyant sur le concours de ses b\u00e9n\u00e9voles.<\/p>\n<p><a href=\"https:\/\/nantes.maville.com\/actu\/actudet_-le-projet-du-methaniseur-de-saint-herblain-repasse-devant-la-justice-_8-7002058_actu.Htm\" target=\"_blank\" rel=\"noopener\"> <strong>\u00c0 LIRE AUSSI<\/strong>\u00a0: Le projet du m\u00e9thaniseur de Saint-Herblain repasse devant la justice<\/a><\/p>\n<p>Ouvert \u00e0 tous<\/p>\n<p>Lieu de la manifestation\u00a0? Le chemin des Fr\u00e8res Legoux et la rue de la Cr\u00eate dans le quartier du Bourg. Rendez-vous festif et automnal, il est ouvert \u00e0 tous, et pr\u00e9voit bien s\u00fbr des d\u00e9gustations de chataignes grill\u00e9es du pays de Redon, ainsi qu\u2019un bar et des jeux pour adultes et enfants, des animations musicales, des chants et des danses et une animation \u00ab\u00a0v\u00e9los rigolos\u00a0\u00bb, de la vente du miel du rucher de la Sael pour les adh\u00e9rents.<\/p>\n<p><a href=\"https:\/\/nantes.maville.com\/actu\/actudet_--30-000-euros-de-perte-ses-deux-fourgons-ont-ete-incendies-dans-la-nuit-en-loire-atlantique-_8-7016580_actu.Htm\" target=\"_blank\" rel=\"noopener\"> <strong>\u00c0 LIRE AUSSI\u00a0:<\/strong> \u00ab\u00a030 000 euros de perte\u00a0\u00bb\u00a0: ses deux fourgons ont \u00e9t\u00e9 incendi\u00e9s dans la nuit en Loire-Atlantique<\/a><\/p>\n<p>Pratique<\/p>\n<p>Entr\u00e9e libre,<a href=\"https:\/\/www.sael-saint-herblain.fr\/\" target=\"_blank\" rel=\"noopener\"> www.sael.saint-herblain.fr<\/a><\/p>\n<p>\u00a0<\/p>\n","protected":false},"excerpt":{"rendered":"C\u2019est chaque automne un moment toujours plaisant. Quand le temps le permet. Dimanche 19\u00a0octobre, la\u00a0soci\u00e9t\u00e9\u00a0des\u00a0amis\u00a0de\u00a0l\u2019\u00e9cole\u00a0la\u00efque de Saint-Herblain (Sael),&hellip;\n","protected":false},"author":2,"featured_media":463212,"comment_status":"","ping_status":"","sticky":false,"template":"","format":"standard","meta":{"footnotes":""},"categories":[2818],"tags":[58718,1111,11,58719,7052,6664,1777,674,4768,1011,27,766,12,2636,3762,25],"class_list":{"0":"post-463211","1":"post","2":"type-post","3":"status-publish","4":"format-standard","5":"has-post-thumbnail","7":"category-nantes","8":"tag-47e","9":"tag-actu","10":"tag-actualites","11":"tag-chataignes","12":"tag-commune","13":"tag-dimanche","14":"tag-eu","15":"tag-europe","16":"tag-fete","17":"tag-fr","18":"tag-france","19":"tag-nantes","20":"tag-news","21":"tag-pays-de-la-loire","22":"tag-pres","23":"tag-republique-francaise"},"share_on_mastodon":{"url":"https:\/\/pubeurope.com\/@fr\/115374426984541626","error":""},"_links":{"self":[{"href":"https:\/\/www.europesays.com\/fr\/wp-json\/wp\/v2\/posts\/463211","targetHints":{"allow":["GET"]}}],"collection":[{"href":"https:\/\/www.europesays.com\/fr\/wp-json\/wp\/v2\/posts"}],"about":[{"href":"https:\/\/www.europesays.com\/fr\/wp-json\/wp\/v2\/types\/post"}],"author":[{"embeddable":true,"href":"https:\/\/www.europesays.com\/fr\/wp-json\/wp\/v2\/users\/2"}],"replies":[{"embeddable":true,"href":"https:\/\/www.europesays.com\/fr\/wp-json\/wp\/v2\/comments?post=463211"}],"version-history":[{"count":0,"href":"https:\/\/www.europesays.com\/fr\/wp-json\/wp\/v2\/posts\/463211\/revisions"}],"wp:featuredmedia":[{"embeddable":true,"href":"https:\/\/www.europesays.com\/fr\/wp-json\/wp\/v2\/media\/463212"}],"wp:attachment":[{"href":"https:\/\/www.europesays.com\/fr\/wp-json\/wp\/v2\/media?parent=463211"}],"wp:term":[{"taxonomy":"category","embeddable":true,"href":"https:\/\/www.europesays.com\/fr\/wp-json\/wp\/v2\/categories?post=463211"},{"taxonomy":"post_tag","embeddable":true,"href":"https:\/\/www.europesays.com\/fr\/wp-json\/wp\/v2\/tags?post=463211"}],"curies":[{"name":"wp","href":"https:\/\/api.w.org\/{rel}","templated":true}]}}