{"id":463214,"date":"2025-10-14T20:34:18","date_gmt":"2025-10-14T20:34:18","guid":{"rendered":"https:\/\/www.europesays.com\/fr\/463214\/"},"modified":"2025-10-14T20:34:18","modified_gmt":"2025-10-14T20:34:18","slug":"charge-du-plan-vert-de-villenave-dornon-eric-hosy-demissionne-faute-de-vrai-virage-ecolo","status":"publish","type":"post","link":"https:\/\/www.europesays.com\/fr\/463214\/","title":{"rendered":"Charg\u00e9 du plan vert de Villenave-d&rsquo;Ornon, Eric Hosy d\u00e9missionne faute de vrai virage \u00e9colo"},"content":{"rendered":"<p class=\"wp-block-post-excerpt__excerpt\">[INFO RUE89 BORDEAUX] Elu d\u00e9l\u00e9gu\u00e9 \u00e0 la mise en place du Grand plan vert, Eric Hosy a d\u00e9missionn\u00e9 du conseil municipal de Villenave-d\u2019Ornon ce lundi 13 octobre. Il reproche au maire, Michel Poignonec, de ne reprendre dans son projet pour les municipales aucun des points d\u2019une feuille de route pour la transition \u00e9cologique, qu\u2019il avait pr\u00e9par\u00e9 avec les services de la ville. <\/p>\n<p><a href=\"https:\/\/rue89bordeaux.com\/category\/actualite\/\" rel=\"tag noopener\" target=\"_blank\">Actualit\u00e9<\/a>, <a href=\"https:\/\/rue89bordeaux.com\/category\/kiosque-abonne\/\" rel=\"tag noopener\" target=\"_blank\">\u00c9dition abonn\u00e9s<\/a><\/p>\n<p>Simon Barth\u00e9l\u00e9my<\/p>\n<p>Publi\u00e9 le 14 octobre 2025\u00a0\u00a0\u00b7\u00a0\u00a0<\/p>\n<p>Imprim\u00e9 le 14 octobre 2025 \u00e0 22h34\u00a0\u00a0\u00b7\u00a0\u00a0<\/p>\n<p>\t\t\t\t\t4\u00a0minutes\n<\/p>\n<p>Eric Hosy rend sont tablier. Elu depuis 2014 dans la majorit\u00e9 municipale (non encart\u00e9, adh\u00e9rent de l\u2019association Villenave d\u2019abord), ce chercheur du CRNS, sp\u00e9cialiste des neurosciences, a annonc\u00e9 sa d\u00e9mission \u00e0 son groupe ce lundi 13 octobre. <\/p>\n<p>Artisan du Grand plan vert, un important projet de v\u00e9g\u00e9talisation mis en \u0153uvre sous le dernier mandat, il estime que les <a href=\"https:\/\/www.michelpoignonec2026.fr\/engagements\/\" target=\"_blank\" rel=\"noreferrer noopener\">20 engagements<\/a> pour les prochaines municipales du maire actuel (divers droite) de Villenave-d\u2019Ornon, Michel Poignonec, ne sont pas \u00e0 la hauteur des enjeux.<\/p>\n<p>Le programme du successeur de Patrick Pujol ne reprend aucune des mesures de la feuille de route de transition \u00e9cologique, d\u00e9plore Eric Hosy, alors que celle-ci avait pourtant \u00e9t\u00e9 con\u00e7ue par ses soins et ceux des services de la ville. Ce travail a \u00e9t\u00e9 r\u00e9alis\u00e9 dans le cadre d\u2019une formation assur\u00e9e par <a href=\"https:\/\/cec-impact.org\/lassociation-cec\/\" target=\"_blank\" rel=\"noreferrer noopener\">la Convention Entreprise Climat (CEC<\/a>), \u00e0 laquelle Villenave est la premi\u00e8re commune fran\u00e7aise \u00e0 adh\u00e9rer. L\u2019ambition : \u00ab\u00a0faire basculer ensuite les entreprises et les citoyens du territoire\u00a0\u00bb de cette commune de plus de 42000 habitants.<\/p>\n<p>\t\t\u00ab\u00a0Un programme qui n\u2019a rien d\u2019\u00e9colo\u00a0\u00bb<\/p>\n<p>On peut lire dans le document \u00e9labor\u00e9 avec la CEC que \u00ab\u00a0Villenave s\u2019engage pour construire de nouvelles protections : assurer la s\u00e9curit\u00e9 alimentaire, am\u00e9liorer la qualit\u00e9 de l\u2019air, lutter contre les \u00eelots de chaleur, pr\u00e9server l\u2019acc\u00e8s \u00e0 l\u2019eau et ma\u00eetriser les consommations d\u2019\u00e9nergie\u00a0\u00bb. <\/p>\n<p class=\"has-warning-color has-text-color\">\n\t\t\t<strong> Cet article fait partie de l\u2019\u00e9dition abonn\u00e9s.<\/strong><br \/>\n\t\t\t| D\u00e9j\u00e0 abonn\u00e9\u00a0?<br \/>\n\t\t\t<a href=\"https:\/\/rue89bordeaux.com\/user\/login\/\" data-type=\"page\" data-id=\"26256\" target=\"_blank\" rel=\"noopener\">Connectez-vous<\/a>\n\t\t<\/p>\n<p>Abonnez-vous maintenant pour poursuivre votre lecture<\/p>\n<p><img loading=\"lazy\" decoding=\"async\" width=\"607\" height=\"480\" src=\"https:\/\/www.europesays.com\/fr\/wp-content\/uploads\/2025\/04\/1744387698_768_04-paywall.png\" alt=\"Abonnez-vous\" class=\"wp-image-128438\"  \/><\/p>\n<p>\t\t\t<a href=\"https:\/\/rue89bordeaux.com\/\" class=\"custom-logo-link\" rel=\"home noopener\" target=\"_blank\"><img loading=\"lazy\" decoding=\"async\" width=\"290\" height=\"49\" src=\"https:\/\/www.europesays.com\/fr\/wp-content\/uploads\/2025\/04\/logo.png\" class=\"custom-logo\" alt=\"Rue89Bordeaux Enqu\u00eates et informations de proximit\u00e9\"  \/><\/a><\/p>\n<p>\n\t\t\t\tAbonnez-vous maintenant pour suivre l\u2019actualit\u00e9 locale.\t\t\t<\/p>\n<p class=\"font-bold font-serif-heading mb-2 text-4xl\">\n\t\t\t\t\t\tL\u2019investigation locale \u00e0 port\u00e9e de main.\n\t\t\t\t\t<\/p>\n<p>\n\t\t\t\t\t\tAbonnez-vous et profitez d\u2019un acc\u00e8s illimit\u00e9 \u00e0 Rue89Bordeaux. Annulez quand vous voulez.\n\t\t\t\t\t<\/p>\n<p class=\"xl:text-sm\">\n\t\t\t\t\tD\u00e9j\u00e0 abonn\u00e9\u00a0?<br \/>\n\t\t\t\t\t<a class=\"border border-transparent text-center transition-colors duration-instant focus:border-info focus:rounded focus:shadow-focus cursor-pointer text-black hover:text-gray-700 active:bg-black-700 font-semibold inline-block\" href=\"https:\/\/rue89bordeaux.com\/user\/login\/?redirect=\/2025\/10\/charge-du-plan-vert-de-villenave-dornon-eric-hosy-demissionne-faute-de-vrai-virage-ecolo\/\" target=\"_blank\" rel=\"noopener\">Connectez-vous<\/a>\t\t\t\t<\/p>\n<p>\n\t\t\t\tChoisissez votre formule\u00a0:\n\t\t\t<\/p>\n<p>\t\t\t\tFermer<\/p>\n","protected":false},"excerpt":{"rendered":"[INFO RUE89 BORDEAUX] Elu d\u00e9l\u00e9gu\u00e9 \u00e0 la mise en place du Grand plan vert, Eric Hosy a d\u00e9missionn\u00e9&hellip;\n","protected":false},"author":2,"featured_media":463215,"comment_status":"","ping_status":"","sticky":false,"template":"","format":"standard","meta":{"footnotes":""},"categories":[2817],"tags":[1111,11,1997,1777,674,1011,27,58720,3434,12,2219,25,17078],"class_list":{"0":"post-463214","1":"post","2":"type-post","3":"status-publish","4":"format-standard","5":"has-post-thumbnail","7":"category-bordeaux","8":"tag-actu","9":"tag-actualites","10":"tag-bordeaux","11":"tag-eu","12":"tag-europe","13":"tag-fr","14":"tag-france","15":"tag-michel-poignonec","16":"tag-municipales-2026","17":"tag-news","18":"tag-nouvelle-aquitaine","19":"tag-republique-francaise","20":"tag-villenave-dornon"},"share_on_mastodon":{"url":"https:\/\/pubeurope.com\/@fr\/115374435742886890","error":""},"_links":{"self":[{"href":"https:\/\/www.europesays.com\/fr\/wp-json\/wp\/v2\/posts\/463214","targetHints":{"allow":["GET"]}}],"collection":[{"href":"https:\/\/www.europesays.com\/fr\/wp-json\/wp\/v2\/posts"}],"about":[{"href":"https:\/\/www.europesays.com\/fr\/wp-json\/wp\/v2\/types\/post"}],"author":[{"embeddable":true,"href":"https:\/\/www.europesays.com\/fr\/wp-json\/wp\/v2\/users\/2"}],"replies":[{"embeddable":true,"href":"https:\/\/www.europesays.com\/fr\/wp-json\/wp\/v2\/comments?post=463214"}],"version-history":[{"count":0,"href":"https:\/\/www.europesays.com\/fr\/wp-json\/wp\/v2\/posts\/463214\/revisions"}],"wp:featuredmedia":[{"embeddable":true,"href":"https:\/\/www.europesays.com\/fr\/wp-json\/wp\/v2\/media\/463215"}],"wp:attachment":[{"href":"https:\/\/www.europesays.com\/fr\/wp-json\/wp\/v2\/media?parent=463214"}],"wp:term":[{"taxonomy":"category","embeddable":true,"href":"https:\/\/www.europesays.com\/fr\/wp-json\/wp\/v2\/categories?post=463214"},{"taxonomy":"post_tag","embeddable":true,"href":"https:\/\/www.europesays.com\/fr\/wp-json\/wp\/v2\/tags?post=463214"}],"curies":[{"name":"wp","href":"https:\/\/api.w.org\/{rel}","templated":true}]}}