{"id":463218,"date":"2025-10-14T20:36:12","date_gmt":"2025-10-14T20:36:12","guid":{"rendered":"https:\/\/www.europesays.com\/fr\/463218\/"},"modified":"2025-10-14T20:36:12","modified_gmt":"2025-10-14T20:36:12","slug":"depuis-loccitanie-atmo-met-en-evidence-la-pollution-de-lair-aux-pfas","status":"publish","type":"post","link":"https:\/\/www.europesays.com\/fr\/463218\/","title":{"rendered":"Depuis l\u2019Occitanie, Atmo met en \u00e9vidence la pollution de l\u2019air aux PFAS"},"content":{"rendered":"<p>Ils sont utilis\u00e9s pour la vigne et les grandes cultures, sont pr\u00e9sents dans de nombreux dentifrices et shampoings, servent pour des emballages alimentaires et des ustensiles de cuisine. Les pesticides, les perturbateurs endocriniens et les substances perfluoroalkyl\u00e9es et polyfluoroalkyl\u00e9es \u2013 ou PFAS pour faire plus court \u2013 sont partout. Dans les sols, dans l\u2019eau mais aussi dans l\u2019air ambiant.<\/p>\n<p>L\u2019observatoire r\u00e9gional de l\u2019air, Atmo Occitanie, est parvenu \u00e0 cette conclusion sur la base des premiers r\u00e9sultats d\u2019une \u00e9tude sur ces polluants \u00e9mergents, in\u00e9dite en France. Pr\u00e9sent\u00e9e le 10\u00a0octobre dernier, cette campagne est document\u00e9e par un suivi des pesticides dans l\u2019air en 2023 et 2024 dans dix sites, urbains et ruraux, de la r\u00e9gion. Ce suivi est compl\u00e9t\u00e9 par des mesures simultan\u00e9es sur les perturbateurs endocriniens et les PFAS dans cinq de ces sites, \u00e0 Toulouse, Montpellier, dans l\u2019Aude viticole, le Gard urbain et la Haute-Garonne, en zone de grandes cultures. L\u2019objectif \u00e9tait de mettre en \u00e9vidence une \u00e9ventuelle multi-exposition. Elle se confirme.<\/p>\n<p>Sur 192 mol\u00e9cules recherch\u00e9es, tous compos\u00e9s chimiques confondus, 105 au total ont \u00e9t\u00e9 trouv\u00e9es et quantifi\u00e9es. Dans le d\u00e9tail, Atmo Occitanie a d\u2019abord identifi\u00e9 47 pesticides sur les 88 qu\u2019il recherchait. Les plus pr\u00e9sents, avec n\u00e9anmoins des concentrations en baisse, sont le folpel, un fongicide utilis\u00e9 pour la vigne, le pendim\u00e9thaline, un herbicide homologu\u00e9 pour les c\u00e9r\u00e9ales, le ma\u00efs et le colza, et le prosulfocarbe, un autre herbicide autoris\u00e9 pour les grandes cultures.<\/p>\n<p>Phtalates et r\u00e9pulsif anti-moustique<\/p>\n<p>La surveillance par Atmo Occitanie des perturbateurs endocriniens, ces substances chimiques pr\u00e9sentes dans les cosm\u00e9tiques, l\u2019alimentation et les plastiques, qui d\u00e9r\u00e8glent notre fonctionnement hormonal et ont des effets d\u00e9l\u00e9t\u00e8res sur notre sant\u00e9, a \u00e9t\u00e9 conduite en 2024. Sur 56 mol\u00e9cules recherch\u00e9es, 50 ont \u00e9t\u00e9 trouv\u00e9es sur l\u2019ensemble des cinq sites de mesure simultan\u00e9e occitans. Les principales sont les phtalates, ces polluants issus de la d\u00e9gradation des plastiques pr\u00e9sents dans l\u2019air sous forme gazeuse et de microparticules. Le DIBP, compos\u00e9 majoritaire du PVC, est le phtalate le plus fr\u00e9quemment retrouv\u00e9. Autres perturbateurs endocriniens identifi\u00e9s, le naphtal\u00e8ne, un hydrocarbure aromatique polycyclique provenant de la combustion du bois et de carburants fossiles et le DEET, un r\u00e9pulsif anti-moustique, particuli\u00e8rement utilis\u00e9 dans l\u2019est de la r\u00e9gion.<\/p>\n<p>Concernant les PFAS ou polluants \u00e9ternels, exploit\u00e9s depuis les ann\u00e9es 1950 pour leurs propri\u00e9t\u00e9s antiadh\u00e9sives, imperm\u00e9abilisantes et leur r\u00e9sistance aux fortes chaleurs, le suivi d\u2019Atmo Occitanie porte sur l\u2019ann\u00e9e 2025. Sur 50 mol\u00e9cules analys\u00e9es, entre deux et dix polluants ont \u00e9t\u00e9 retrouv\u00e9s selon les sites de mesure, les plus expos\u00e9s \u00e9tant le Gard urbain et Montpellier. Six PFAS ont \u00e9t\u00e9 identifi\u00e9s \u00e0 Toulouse, 7 dans l\u2019Aude, 2 en Haute-Garonne, en milieu rural.<\/p>\n<p>Trois ans de suivi au moins<\/p>\n<p>\u00ab\u00a0Cette \u00e9tude est une premi\u00e8re en France. Aucun territoire n\u2019avait encore suivi ces trois polluants \u00e9mergents de fa\u00e7on simultan\u00e9e dans quatre environnements diff\u00e9rents, en milieu industriel, urbain, viticole et de grandes cultures. Le premier enseignement est le suivant\u00a0: quel que soit l\u2019endroit ou le moment, nous respirons des perturbateurs endocriniens et des PFAS\u00a0\u00bb, r\u00e9sume Dominique Tilak, directrice g\u00e9n\u00e9rale d\u2019Atmo Occitanie.<\/p>\n<p>Pourquoi sont-ils pr\u00e9sents dans l\u2019air\u00a0? Quelles sont leurs sources\u00a0? Est-ce grave pour notre sant\u00e9\u00a0? \u00ab\u00a0On commence juste. Il y a d\u2019autres investigations \u00e0 mener mais, d\u2019apr\u00e8s l\u2019Anses\u00a0[<a href=\"#nb1\" class=\"spip_note\" rel=\"appendix\" title=\"Agence nationale de s\u00e9curit\u00e9 sanitaire de l\u2019alimentation, de l\u2019environnement\u00a0(\u2026)\" id=\"nh1\">1<\/a>], les perturbateurs endocriniens sont suspect\u00e9s d\u2019agir sans effet de seuil. D\u00e8s la premi\u00e8re mol\u00e9cule, il y a un impact\u00a0\u00bb, souligne Pierre-Yves Robic, directeur adjoint d\u2019Atmo Occitanie.<\/p>\n<p>Engag\u00e9e gr\u00e2ce \u00e0 des financements exceptionnels issus d\u2019une astreinte du Conseil d\u2019\u00c9tat, cette \u00e9tude sur les polluants \u00e9mergents va se poursuivre durant les trois ann\u00e9es qui viennent au moins. L\u2019int\u00e9r\u00eat d\u2019un suivi de long terme de ces toxiques &#8211; comme pour les particules fines, l\u2019ozone et les oxydes d\u2019azote, ces polluants r\u00e9glement\u00e9s qu\u2019Atmo Occitanie surveille au quotidien &#8211; est de pouvoir \u00e9valuer l\u2019impact des actions mises en \u0153uvre pour les r\u00e9duire et am\u00e9liorer la qualit\u00e9 de l\u2019air.<\/p>\n<p>Une question d\u2019urgence. Sant\u00e9 Publique France \u00e9value \u00e0 40.000 par an le nombre de d\u00e9c\u00e8s \u00e9vitables li\u00e9s \u00e0 la pollution de l\u2019air, avec un co\u00fbt pour la S\u00e9curit\u00e9 sociale de plus de 100 milliards d\u2019euros. \u00ab\u00a0La population se pose des questions l\u00e9gitimes sur l\u2019impact sanitaire et environnemental des pesticides, des perturbateurs endocriniens et des PFAS\u00a0\u00bb, observe \u00c9milie Dalix, la pr\u00e9sidente d\u2019Atmo Occitanie. \u00ab\u00a0C\u2019est la raison pour laquelle nous avons d\u00e9cid\u00e9 localement de mener cette \u00e9tude pour \u00e9tablir un \u00e9tat des lieux et avancer sur le chemin de la connaissance scientifique, afin que chaque acteur puisse s\u2019emparer de ces donn\u00e9es.\u00a0\u00bb Et agisse au plus vite.<br class=\"autobr\"\/><br \/>\nJohanna Decorse<\/p>\n<p>Sur la photo\u00a0: \u00c0 Toulouse aussi, l\u2019air contient  pesticides, perturbateurs endocriniens et PFAS. Cr\u00e9dit\u00a0: H\u00e9l\u00e8ne Ressayres &#8211; Toul\u00c9co. <\/p>\n<p>Notes<\/p>\n<p>[<a href=\"#nh1\" class=\"spip_note\" title=\"Notes 1\" rev=\"appendix\">1<\/a>]\u00a0Agence nationale de s\u00e9curit\u00e9 sanitaire de l\u2019alimentation, de l\u2019environnement et du travail<\/p>\n","protected":false},"excerpt":{"rendered":"Ils sont utilis\u00e9s pour la vigne et les grandes cultures, sont pr\u00e9sents dans de nombreux dentifrices et shampoings,&hellip;\n","protected":false},"author":2,"featured_media":463219,"comment_status":"","ping_status":"","sticky":false,"template":"","format":"standard","meta":{"footnotes":""},"categories":[2816],"tags":[1111,11,327,58721,1777,674,1011,27,693,12,2680,25,2312,18193],"class_list":{"0":"post-463218","1":"post","2":"type-post","3":"status-publish","4":"format-standard","5":"has-post-thumbnail","7":"category-toulouse","8":"tag-actu","9":"tag-actualites","10":"tag-agriculture","11":"tag-atmo-occitanie","12":"tag-eu","13":"tag-europe","14":"tag-fr","15":"tag-france","16":"tag-industrie","17":"tag-news","18":"tag-occitanie","19":"tag-republique-francaise","20":"tag-toulouse","21":"tag-viticulture"},"share_on_mastodon":{"url":"https:\/\/pubeurope.com\/@fr\/115374442777654478","error":""},"_links":{"self":[{"href":"https:\/\/www.europesays.com\/fr\/wp-json\/wp\/v2\/posts\/463218","targetHints":{"allow":["GET"]}}],"collection":[{"href":"https:\/\/www.europesays.com\/fr\/wp-json\/wp\/v2\/posts"}],"about":[{"href":"https:\/\/www.europesays.com\/fr\/wp-json\/wp\/v2\/types\/post"}],"author":[{"embeddable":true,"href":"https:\/\/www.europesays.com\/fr\/wp-json\/wp\/v2\/users\/2"}],"replies":[{"embeddable":true,"href":"https:\/\/www.europesays.com\/fr\/wp-json\/wp\/v2\/comments?post=463218"}],"version-history":[{"count":0,"href":"https:\/\/www.europesays.com\/fr\/wp-json\/wp\/v2\/posts\/463218\/revisions"}],"wp:featuredmedia":[{"embeddable":true,"href":"https:\/\/www.europesays.com\/fr\/wp-json\/wp\/v2\/media\/463219"}],"wp:attachment":[{"href":"https:\/\/www.europesays.com\/fr\/wp-json\/wp\/v2\/media?parent=463218"}],"wp:term":[{"taxonomy":"category","embeddable":true,"href":"https:\/\/www.europesays.com\/fr\/wp-json\/wp\/v2\/categories?post=463218"},{"taxonomy":"post_tag","embeddable":true,"href":"https:\/\/www.europesays.com\/fr\/wp-json\/wp\/v2\/tags?post=463218"}],"curies":[{"name":"wp","href":"https:\/\/api.w.org\/{rel}","templated":true}]}}