{"id":463226,"date":"2025-10-14T20:40:12","date_gmt":"2025-10-14T20:40:12","guid":{"rendered":"https:\/\/www.europesays.com\/fr\/463226\/"},"modified":"2025-10-14T20:40:12","modified_gmt":"2025-10-14T20:40:12","slug":"coup-de-colere-des-locataires-de-13-habitat","status":"publish","type":"post","link":"https:\/\/www.europesays.com\/fr\/463226\/","title":{"rendered":"coup de col\u00e8re des locataires de 13 Habitat"},"content":{"rendered":"<p>\u00ab\u00a0On en a assez de g\u00e9rer les fuites d\u2019eau, les rats et les murs qui s\u2019effritent\u00a0\u00bb. Les habitants d\u2019au moins cinq r\u00e9sidences (le <a href=\"https:\/\/www.laprovence.com\/article\/faits-divers-justice\/2729223202312414\/marseille-un-incendie-dans-un-appartement-fait-deux-blesses-legers\" target=\"_blank\" rel=\"noopener\">Clos<\/a>, les Olives, Val Plan, la Marie dans le 13e et celle des Chartreux dans le 4e) de 13 Habitat se sont mass\u00e9s ce mardi 14\u00a0octobre au pied du si\u00e8ge du bailleur social, \u00e0 Saint-Just (4e), pour r\u00e9clamer des travaux.<\/p>\n<p>Les charges grimpent et \u00ab\u00a0la qualit\u00e9 de service dispara\u00eet\u00a0\u00bb<\/p>\n<p>Habitante au Clos (13e) depuis 50\u00a0ans, Josiane \u00ab\u00a0n\u2019a pas assez de mots pour dire sa col\u00e8re\u00a0\u00bb. \u00ab\u00a0Les charges ne font qu\u2019augmenter pour un interphone qui ne marche pas, des caves squatt\u00e9es\u2026 Pour la m\u00eame surface, je peux payer quatre fois plus cher mon chauffage qu\u2019une voisine. Et 13 Habitat a le culot d\u2019inscrire dans les charges le remplacement des portes et des fen\u00eatres, mais que je sache, je ne les emporterai pas avec moi quand je serai morte\u00a0!\u00a0\u00bb, explose-t-elle.<\/p>\n<p>Quand le Clos est plong\u00e9 dans l\u2019obscurit\u00e9 \u00ab\u00a0\u00e0 cause de l\u2019absence d\u2019\u00e9clairages dans les parties communes\u00a0\u00bb, Farida ne sort plus de son appartement. \u00ab\u00a0Apr\u00e8s 21h, il y a plus de rats que de locataires\u00a0\u00bb, jure-t-elle en \u00e9voquant les couloirs de son immeuble.<\/p>\n<p>Djamila et Sabrina, respectivement au Clos et aux Chartreux (4e) affirment avoir \u00ab\u00a0peur &#8230;<\/p>\n","protected":false},"excerpt":{"rendered":"\u00ab\u00a0On en a assez de g\u00e9rer les fuites d\u2019eau, les rats et les murs qui s\u2019effritent\u00a0\u00bb. Les habitants&hellip;\n","protected":false},"author":2,"featured_media":463227,"comment_status":"","ping_status":"","sticky":false,"template":"","format":"standard","meta":{"footnotes":""},"categories":[2814],"tags":[17,1111,11,3254,3952,154,13413,1777,674,1011,27,4250,11296,884,12,882,16,25,21874],"class_list":{"0":"post-463226","1":"post","2":"type-post","3":"status-publish","4":"format-standard","5":"has-post-thumbnail","7":"category-marseille","8":"tag-17","9":"tag-actu","10":"tag-actualites","11":"tag-colere","12":"tag-coup","13":"tag-des","14":"tag-devant","15":"tag-eu","16":"tag-europe","17":"tag-fr","18":"tag-france","19":"tag-habitat","20":"tag-locataires","21":"tag-marseille","22":"tag-news","23":"tag-provence-alpes-cote-dazur","24":"tag-region","25":"tag-republique-francaise","26":"tag-siege"},"share_on_mastodon":{"url":"https:\/\/pubeurope.com\/@fr\/115374458440140510","error":""},"_links":{"self":[{"href":"https:\/\/www.europesays.com\/fr\/wp-json\/wp\/v2\/posts\/463226","targetHints":{"allow":["GET"]}}],"collection":[{"href":"https:\/\/www.europesays.com\/fr\/wp-json\/wp\/v2\/posts"}],"about":[{"href":"https:\/\/www.europesays.com\/fr\/wp-json\/wp\/v2\/types\/post"}],"author":[{"embeddable":true,"href":"https:\/\/www.europesays.com\/fr\/wp-json\/wp\/v2\/users\/2"}],"replies":[{"embeddable":true,"href":"https:\/\/www.europesays.com\/fr\/wp-json\/wp\/v2\/comments?post=463226"}],"version-history":[{"count":0,"href":"https:\/\/www.europesays.com\/fr\/wp-json\/wp\/v2\/posts\/463226\/revisions"}],"wp:featuredmedia":[{"embeddable":true,"href":"https:\/\/www.europesays.com\/fr\/wp-json\/wp\/v2\/media\/463227"}],"wp:attachment":[{"href":"https:\/\/www.europesays.com\/fr\/wp-json\/wp\/v2\/media?parent=463226"}],"wp:term":[{"taxonomy":"category","embeddable":true,"href":"https:\/\/www.europesays.com\/fr\/wp-json\/wp\/v2\/categories?post=463226"},{"taxonomy":"post_tag","embeddable":true,"href":"https:\/\/www.europesays.com\/fr\/wp-json\/wp\/v2\/tags?post=463226"}],"curies":[{"name":"wp","href":"https:\/\/api.w.org\/{rel}","templated":true}]}}