{"id":463228,"date":"2025-10-14T20:41:12","date_gmt":"2025-10-14T20:41:12","guid":{"rendered":"https:\/\/www.europesays.com\/fr\/463228\/"},"modified":"2025-10-14T20:41:12","modified_gmt":"2025-10-14T20:41:12","slug":"don-quichotte-la-nouvelle-expo-litteraire-du-mucem-a-marseille","status":"publish","type":"post","link":"https:\/\/www.europesays.com\/fr\/463228\/","title":{"rendered":"Don Quichotte, la nouvelle expo litt\u00e9raire du Mucem \u00e0 Marseille"},"content":{"rendered":"<p>Apr\u00e8s Genet, Giono et <a href=\"https:\/\/laprovence.com\/article\/sorties-loisirs\/6530703\/marseille-au-mucem-limaginaire-de-salammbo-rencontre-leurope.html\" target=\"_blank\" rel=\"noopener\">Flaubert<\/a>, c\u2019est au tour de Don Quichotte de faire l\u2019objet d\u2019une exposition litt\u00e9raire au sein du Mucem. Histoire de fou, histoire d\u2019en rire c\u00e9l\u00e8bre le chevalier errant du roman de Cervant\u00e8s. Sans raison particuli\u00e8re, sans r\u00e9elle date anniversaire (le livre a \u00e9t\u00e9 \u00e9crit en 1605), la mise en avant de ce h\u00e9ros anachronique est justement la bienvenue \u00e0 tout moment. Il a en plus un lien avec la M\u00e9diterran\u00e9e : il est Espagnol, il a v\u00e9cu en Italie et a \u00e9t\u00e9 captif en Alg\u00e9rie. Par ailleurs, il est pr\u00e9sent dans les collections du Mucem et surtout dans l\u2019imaginaire populaire. Autant de bonnes raisons pour lui faire reprendre vie \u00e0 travers un peu plus de 200\u00a0pi\u00e8ces de nature et d\u2019\u00e9poques vari\u00e9es.<\/p>\n<p>Don Quichotte et les livres<\/p>\n<p>Le visiteur plonge ainsi dans toutes les repr\u00e9sentations de Don Quichotte possibles et imaginables. Dans les livres d\u2019abord avec la reconstitution de sa biblioth\u00e8que. On y retrouve toutes les versions de cette histoire \u00e0 travers le monde et les si\u00e8cles (de nombreux ouvrages ont \u00e9t\u00e9 pr\u00eat\u00e9s par la biblioth\u00e8que nationale d\u2019Espagne). Comme si Don Quichotte ne quittait jamais notre soci\u00e9t\u00e9 et \u00e9tait m\u00eame le symbole de nombreuses interrogations et de nombreux co&#8230;<\/p>\n","protected":false},"excerpt":{"rendered":"Apr\u00e8s Genet, Giono et Flaubert, c\u2019est au tour de Don Quichotte de faire l\u2019objet d\u2019une exposition litt\u00e9raire au&hellip;\n","protected":false},"author":2,"featured_media":463229,"comment_status":"","ping_status":"","sticky":false,"template":"","format":"standard","meta":{"footnotes":""},"categories":[2814],"tags":[17,1111,11,251,13554,1777,674,12176,1011,27,19951,884,6864,12,2043,882,58722,25],"class_list":{"0":"post-463228","1":"post","2":"type-post","3":"status-publish","4":"format-standard","5":"has-post-thumbnail","7":"category-marseille","8":"tag-17","9":"tag-actu","10":"tag-actualites","11":"tag-culture","12":"tag-don","13":"tag-eu","14":"tag-europe","15":"tag-expo","16":"tag-fr","17":"tag-france","18":"tag-litteraire","19":"tag-marseille","20":"tag-mucem","21":"tag-news","22":"tag-nouvelle","23":"tag-provence-alpes-cote-dazur","24":"tag-quichotte","25":"tag-republique-francaise"},"share_on_mastodon":{"url":"https:\/\/pubeurope.com\/@fr\/115374462404546764","error":""},"_links":{"self":[{"href":"https:\/\/www.europesays.com\/fr\/wp-json\/wp\/v2\/posts\/463228","targetHints":{"allow":["GET"]}}],"collection":[{"href":"https:\/\/www.europesays.com\/fr\/wp-json\/wp\/v2\/posts"}],"about":[{"href":"https:\/\/www.europesays.com\/fr\/wp-json\/wp\/v2\/types\/post"}],"author":[{"embeddable":true,"href":"https:\/\/www.europesays.com\/fr\/wp-json\/wp\/v2\/users\/2"}],"replies":[{"embeddable":true,"href":"https:\/\/www.europesays.com\/fr\/wp-json\/wp\/v2\/comments?post=463228"}],"version-history":[{"count":0,"href":"https:\/\/www.europesays.com\/fr\/wp-json\/wp\/v2\/posts\/463228\/revisions"}],"wp:featuredmedia":[{"embeddable":true,"href":"https:\/\/www.europesays.com\/fr\/wp-json\/wp\/v2\/media\/463229"}],"wp:attachment":[{"href":"https:\/\/www.europesays.com\/fr\/wp-json\/wp\/v2\/media?parent=463228"}],"wp:term":[{"taxonomy":"category","embeddable":true,"href":"https:\/\/www.europesays.com\/fr\/wp-json\/wp\/v2\/categories?post=463228"},{"taxonomy":"post_tag","embeddable":true,"href":"https:\/\/www.europesays.com\/fr\/wp-json\/wp\/v2\/tags?post=463228"}],"curies":[{"name":"wp","href":"https:\/\/api.w.org\/{rel}","templated":true}]}}