{"id":463242,"date":"2025-10-14T20:48:11","date_gmt":"2025-10-14T20:48:11","guid":{"rendered":"https:\/\/www.europesays.com\/fr\/463242\/"},"modified":"2025-10-14T20:48:11","modified_gmt":"2025-10-14T20:48:11","slug":"pierre-yves-guice-reconduit-a-la-direction-generale-de-paris-la-defense","status":"publish","type":"post","link":"https:\/\/www.europesays.com\/fr\/463242\/","title":{"rendered":"Pierre-Yves Guice reconduit \u00e0 la direction g\u00e9n\u00e9rale de Paris La D\u00e9fense"},"content":{"rendered":"<p>Paris La D\u00e9fense maintient son capitaine \u00e0 la barre. Ce mardi, le conseil d\u2019administration de l\u2019\u00e9tablissement public en charge de la gestion et de l\u2019am\u00e9nagement du quartier d\u2019affaires, a reconduit Pierre-Yves Guice, son actuel directeur g\u00e9n\u00e9ral <a href=\"https:\/\/www.echoidf.fr\/pierre-yves-guice-prend-les-renes-de-la-defens\/\" rel=\"nofollow noopener\" target=\"_blank\">(depuis en 2020)<\/a>, pour une nouvelle p\u00e9riode de cinq ans.<\/p>\n<p>\u00ab Le renouvellement du mandat de Pierre-Yves Guice \u00e0 la direction g\u00e9n\u00e9rale de Paris La D\u00e9fense a \u00e9t\u00e9 d\u00e9cid\u00e9 de mani\u00e8re consensuelle par le conseil d\u2019administration, avec l\u2019accord du pr\u00e9fet de r\u00e9gion \u00bb, souligne Georges Siffredi, le pr\u00e9sident (LR) de Paris La D\u00e9fense et du D\u00e9partement des Hauts-de-Seine, rappelant que \u00ab c\u2019est avec son concours que l\u2019\u00e9tablissement a adopt\u00e9 un nouveau cap strat\u00e9gique et une Raison d\u2019\u00eatre centr\u00e9e sur la d\u00e9carbonation et la diversification du territoire \u00bb. \u00ab Le r\u00e9cent rapport de la Chambre r\u00e9gionale des comptes a par ailleurs soulign\u00e9 la gestion rigoureuse et efficace de l\u2019\u00e9tablissement sous sa direction \u00bb, ajoute l\u2019\u00e9lu. Mais Paris La D\u00e9fense a encore de nombreux d\u00e9fis \u00e0 relever. \u00ab Il nous faut d\u00e9sormais r\u00e9soudre la question du financement p\u00e9renne de l\u2019\u00e9tablissement et mettre en place un nouveau mod\u00e8le \u00e9conomique pour le territoire \u00bb, rappelle Georges Siffredi.<\/p>\n<p><strong>Un mod\u00e8le \u00e0 r\u00e9inventer<\/strong><\/p>\n<p>Si beaucoup reste \u00e0 faire, beaucoup a aussi d\u00e9j\u00e0 \u00e9t\u00e9 fait, dans un contexte de crise de l\u2019immobilier de bureaux post-Covid remettant en question la pertinence du mod\u00e8le des quartiers d\u2019affaires. Un mod\u00e8le d\u00e9fendu par Pierre-Yves Guice avec l\u2019application de \u00ab nouveaux sch\u00e9mas \u00bb tels que le renforcement du principe de r\u00e9novation des tours de bureaux (plut\u00f4t que leur d\u00e9molition), le changement d\u2019usage d\u2019une partie du parc tertiaire obsol\u00e8te, la syst\u00e9matisation des proc\u00e9d\u00e9s de construction durable\u2026 Il a ainsi lanc\u00e9, en 2021, <a href=\"https:\/\/www.echoidf.fr\/le-changement-de-cap-se-concretise\/\" rel=\"nofollow noopener\" target=\"_blank\">l\u2019appel \u00e0 projets Empreintes<\/a> visant \u00e0 d\u00e9velopper des programmes mixtes et durables sur cinq emprises fonci\u00e8res du quartier d\u2019affaires. Et, en 2022, l\u2019\u00e9tablissement public qu\u2019il dirige a engag\u00e9 des <a href=\"https:\/\/www.echoidf.fr\/quel-avenir-pour-les-tours-de-la-defense\/\" rel=\"nofollow noopener\" target=\"_blank\">\u00c9tats G\u00e9n\u00e9raux de la Transformation des Tours<\/a> : un cycle de conf\u00e9rences, visites de terrain et ateliers, ayant abouti \u00e0 la formulation de <a href=\"https:\/\/www.echoidf.fr\/les-tours-vont-etre-transformees\/\" rel=\"nofollow noopener\" target=\"_blank\">dix propositions concr\u00e8tes pour acc\u00e9l\u00e9rer la transformation des immeubles du quartier<\/a>. L\u2019ann\u00e9e suivante, Paris La D\u00e9fense est, en outre, devenu le premier territoire fran\u00e7ais \u00e0 rejoindre le mouvement mondial Cities Can B qui \u00ab r\u00e9unit acteurs publics et priv\u00e9s pour penser et mettre en \u0153uvre une transition \u00e9cologique et sociale \u00e0 l\u2019\u00e9chelle d\u2019un territoire \u00bb.<\/p>\n<p>Dans le m\u00eame temps, pour \u00ab adapter le territoire au changement climatique \u00bb et \u00ab am\u00e9liorer durablement le cadre de ses usagers \u00bb, l\u2019\u00e9tablissement public a multipli\u00e9 les projets de v\u00e9g\u00e9talisation des espaces publics du quartier. Derni\u00e8re illustration en date : <a href=\"https:\/\/www.echoidf.fr\/les-travaux-du-parc-de-la-defense-sont-lances\/\" rel=\"nofollow noopener\" target=\"_blank\">le lancement, il y a quelques semaines, des travaux du \u00ab Parc \u00bb<\/a> qui va transformer l\u2019axe central de l\u2019esplanade de La D\u00e9fense en un parc urbain de 5 hectares (entre la fontaine Agam et le bassin Takis) et doter le quartier du plus grand parc sur dalle de France.<\/p>\n<p><strong>Un quartier d\u2019affaires et un quartier \u00e9tudiant<\/strong><\/p>\n<p>La transformation mais aussi la poursuite de la diversification du quartier d\u2019affaires feront ainsi partie des missions de Pierre-Yves Guice, ces prochains mois. Diversification avec, notamment, le renforcement du tissu \u00e9tudiant du quartier o\u00f9 de nombreux \u00e9tablissements d\u2019enseignement sup\u00e9rieur se sont install\u00e9s ces derni\u00e8res ann\u00e9es, au plus pr\u00e8s des entreprises du territoire. \u00ab Cet \u00e9lan a vocation \u00e0 perdurer et se renforcer avec la mise en place du premier forum \u00c9tudiants-Entreprises du quartier le 7 avril 2026 \u00e0 Paris La D\u00e9fense Arena \u00bb, annonce Paris La D\u00e9fense.<\/p>\n<p>L\u2019\u00e9tablissement public entend \u00e9galement initier le projet Rives D\u00e9fense \u00ab qui vise \u00e0 transformer profond\u00e9ment le quartier Saisons et ouvrir le territoire sur la Seine \u00bb, en lieu et place des <a href=\"https:\/\/www.echoidf.fr\/nouveau-coup-dur-pour-les-tours-hermitage-plaza\/\" rel=\"nofollow noopener\" target=\"_blank\">tours jumelles Hermitage Plaza<\/a> (gratte-ciel de 320 m\u00e8tres), projet port\u00e9 pendant pr\u00e8s de quinze ans par l\u2019homme d\u2019affaires russe Emin Iskenderov, avant de tomber \u00e0 l\u2019eau.<\/p>\n","protected":false},"excerpt":{"rendered":"Paris La D\u00e9fense maintient son capitaine \u00e0 la barre. Ce mardi, le conseil d\u2019administration de l\u2019\u00e9tablissement public en&hellip;\n","protected":false},"author":2,"featured_media":463243,"comment_status":"","ping_status":"","sticky":false,"template":"","format":"standard","meta":{"footnotes":""},"categories":[1888],"tags":[11,58724,1777,674,1011,27,3314,662,58725,12,626,58726,58727,21627,25],"class_list":{"0":"post-463242","1":"post","2":"type-post","3":"status-publish","4":"format-standard","5":"has-post-thumbnail","7":"category-paris","8":"tag-actualites","9":"tag-directeur-gu00e9nu00e9ral","10":"tag-eu","11":"tag-europe","12":"tag-fr","13":"tag-france","14":"tag-hauts-de-seine","15":"tag-ile-de-france","16":"tag-la-du00e9fense","17":"tag-news","18":"tag-paris","19":"tag-paris-la-du00e9fense","20":"tag-pierre-yves-guice","21":"tag-quartier-daffaires","22":"tag-republique-francaise"},"share_on_mastodon":{"url":"https:\/\/pubeurope.com\/@fr\/115374489850810090","error":""},"_links":{"self":[{"href":"https:\/\/www.europesays.com\/fr\/wp-json\/wp\/v2\/posts\/463242","targetHints":{"allow":["GET"]}}],"collection":[{"href":"https:\/\/www.europesays.com\/fr\/wp-json\/wp\/v2\/posts"}],"about":[{"href":"https:\/\/www.europesays.com\/fr\/wp-json\/wp\/v2\/types\/post"}],"author":[{"embeddable":true,"href":"https:\/\/www.europesays.com\/fr\/wp-json\/wp\/v2\/users\/2"}],"replies":[{"embeddable":true,"href":"https:\/\/www.europesays.com\/fr\/wp-json\/wp\/v2\/comments?post=463242"}],"version-history":[{"count":0,"href":"https:\/\/www.europesays.com\/fr\/wp-json\/wp\/v2\/posts\/463242\/revisions"}],"wp:featuredmedia":[{"embeddable":true,"href":"https:\/\/www.europesays.com\/fr\/wp-json\/wp\/v2\/media\/463243"}],"wp:attachment":[{"href":"https:\/\/www.europesays.com\/fr\/wp-json\/wp\/v2\/media?parent=463242"}],"wp:term":[{"taxonomy":"category","embeddable":true,"href":"https:\/\/www.europesays.com\/fr\/wp-json\/wp\/v2\/categories?post=463242"},{"taxonomy":"post_tag","embeddable":true,"href":"https:\/\/www.europesays.com\/fr\/wp-json\/wp\/v2\/tags?post=463242"}],"curies":[{"name":"wp","href":"https:\/\/api.w.org\/{rel}","templated":true}]}}