{"id":463268,"date":"2025-10-14T21:03:10","date_gmt":"2025-10-14T21:03:10","guid":{"rendered":"https:\/\/www.europesays.com\/fr\/463268\/"},"modified":"2025-10-14T21:03:10","modified_gmt":"2025-10-14T21:03:10","slug":"une-deuxieme-carriere-va-commencer-estime-valentin-vacherot-recu-par-le-prince-albert-a-monaco","status":"publish","type":"post","link":"https:\/\/www.europesays.com\/fr\/463268\/","title":{"rendered":"\u00abUne deuxi\u00e8me carri\u00e8re va commencer\u00bb, estime Valentin Vacherot, re\u00e7u par le Prince Albert \u00e0 Monaco"},"content":{"rendered":"<p>\n    Encore aux anges 48 heures apr\u00e8s son incroyable titre \u00e0 Shanghai, le joueur mon\u00e9gasque a \u00e9t\u00e9 accueilli comme il se doit en Principaut\u00e9.<\/p>\n<p class=\"fig-paragraph\">Vainqueur \u00e0 la surprise g\u00e9n\u00e9rale dimanche du tournoi Masters 1000 de Shanghai,<a href=\"http:\/\/www.lefigaro.fr\/sports\/tennis\/tennis-vacherot-et-rinderknech-la-fabuleuse-histoire-des-cousins-a-shanghai-20251012\" data-fig-type=\"Article\" data-gtm-custom-categorie=\"navigation\" data-gtm-custom-action=\"crossclick\" data-gtm-custom-label=\"Contextuel\" data-gtm-event=\"customEventSPE\" data-fig-domain=\"LEFIGARO\" rel=\"nofollow noopener\" target=\"_blank\">\u00a0le Mon\u00e9gasque Valentin Vacherot<\/a>\u00a0a \u00e9t\u00e9 f\u00eat\u00e9 mardi en Principaut\u00e9 et a estim\u00e9 qu&rsquo;une \u00abdeuxi\u00e8me carri\u00e8re\u00bb s&rsquo;ouvrait d\u00e9sormais \u00e0 lui.<\/p>\n<p class=\"fig-paragraph\">\u00ab\u00c7a change tout dans ma carri\u00e8re. On va dire que j&rsquo;ai une deuxi\u00e8me carri\u00e8re qui va commencer, m\u00eame si je ne me plains pas du tout de la premi\u00e8re partie\u00bb, a d\u00e9clar\u00e9 Vacherot lors d&rsquo;un point presse organis\u00e9 au Monte-Carlo Country Club, o\u00f9 il a \u00e9t\u00e9 accueilli par le Prince Albert, auquel il a pr\u00e9sent\u00e9 son troph\u00e9e. \u00abJe vais rentrer vraiment dans tous les tournois que je veux, dans le tableau final directement\u00bb, a ajout\u00e9 celui qui \u00e9tait class\u00e9 204e mondial au d\u00e9but du tournoi de Shanghai et est d\u00e9sormais 40e au classement ATP.<\/p>\n<p class=\"fig-body-link\">\n            \u00c0 lire aussi<br \/>\n        <a class=\"fig-body-link__link\" href=\"http:\/\/www.lefigaro.fr\/sports\/tennis\/tennis-valentin-vacherot-depose-une-demande-wild-card-pour-le-rolex-paris-masters-20251014\" target=\"_blank\" data-fig-type=\"NewsFlash\" rel=\"noopener nofollow\" data-gtm-custom-categorie=\"navigation\" data-gtm-custom-action=\"crossclick\" data-gtm-custom-label=\"Contextuel\" data-gtm-event=\"customEventSPE\" data-fig-domain=\"LEFIGARO\">Tennis\u00a0: invit\u00e9 \u00e0 B\u00e2le, Valentin Vacherot d\u00e9pose une demande de \u00abwild card\u00bb pour le Rolex Paris Masters<br \/>\n    <\/a>\n<\/p>\n<p>                                    <a class=\"fig-a11y-skip a11y-hidden\" href=\"#fig-a11y-skip-main-inarticle\"><br \/>\n        Passer la publicit\u00e9<br \/>\n    <\/a><\/p>\n<p class=\"fig-paragraph\">\u00abCe qui est super, c&rsquo;est que ce titre arrive tr\u00e8s proche de la fin de saison. Donc les derniers tournois vont \u00eatre une belle cerise sur le g\u00e2teau. Je vais pouvoir profiter apr\u00e8s, avec un peu de vacances, dig\u00e9rer tout \u00e7a, et surtout prendre \u00e9norm\u00e9ment de temps pour me pr\u00e9parer pour 2026, parce que \u00e7a va m&rsquo;en demander encore plus\u00bb, a \u00e9galement estim\u00e9 Vacherot.<\/p>\n<p>La f\u00eate attendra<\/p>\n<p class=\"fig-paragraph\">Le Mon\u00e9gasque a donc promis qu&rsquo;il serait pour l&rsquo;instant raisonnable et ne ferait pas de folie pour c\u00e9l\u00e9brer son sacre inattendu. \u00abS&rsquo;il y en a, ce ne sera pas maintenant, parce que m\u00eame si on est proche de la fin de saison, elle n&rsquo;est pas encore finie. Et jouer ces tournois sans \u00eatre \u00e0 110% physiquement&#8230; Donc ce n&rsquo;est pas le bon moment pour faire des choses comme \u00e7a. Ensuite, \u00e9videmment, je pense qu&rsquo;il y aura une belle c\u00e9l\u00e9bration avec tous mes amis et ceux qui veulent \u00eatre l\u00e0\u00bb, a-t-il expliqu\u00e9.<\/p>\n<p class=\"fig-paragraph\">Deux jours apr\u00e8s le titre remport\u00e9 gr\u00e2ce \u00e0\u00a0<a href=\"http:\/\/www.lefigaro.fr\/sports\/tennis\/tennis-vacherot-vient-a-bout-de-son-cousin-arthur-rinderknech-a-shanghai-20251012\" data-fig-type=\"NewsFlash\" data-gtm-custom-categorie=\"navigation\" data-gtm-custom-action=\"crossclick\" data-gtm-custom-label=\"Contextuel\" data-gtm-event=\"customEventSPE\" data-fig-domain=\"LEFIGARO\" rel=\"nofollow noopener\" target=\"_blank\">sa victoire en finale face \u00e0 son cousin fran\u00e7ais Arthur Rinderknech<\/a>, Vacherot, devenu le joueur le plus mal class\u00e9 de l&rsquo;histoire \u00e0 gagner un Masters 1000, a expliqu\u00e9 ne pas avoir encore totalement saisi la port\u00e9e de son exploit. \u00abJe r\u00e9alise, je pense, \u00e0 un quart, m\u00eame pas la moiti\u00e9 encore. Et je pense que pour le moment c&rsquo;est bien comme \u00e7a, d&rsquo;\u00eatre encore sur mon petit nuage. \u00c7a me fait profiter de tous ces moments avec tout le monde\u00bb, a-t-il dit.<\/p>\n<p>Longue discussion avec la l\u00e9gende Federer<\/p>\n<p class=\"fig-paragraph\">Il a aussi confi\u00e9 avoir d\u00e9j\u00e0 \u00e9chang\u00e9 des messages avec Rinderknech, dont il est tr\u00e8s proche et qui l&rsquo;avait convaincu il y a quelques ann\u00e9es d&rsquo;\u00e9tudier avec lui \u00e0 l&rsquo;universit\u00e9 Texas A&amp;M. \u00abOn s&rsquo;est envoy\u00e9 un beau message chacun, une fois qu&rsquo;il \u00e9tait dans l&rsquo;avion. Mais je pense que c&rsquo;est le moment d&rsquo;\u00eatre chacun de notre c\u00f4t\u00e9, de profiter du moment. Et je pense que sur un des prochains tournois, il y aura un bon d\u00eener o\u00f9 on va commencer \u00e0 se rem\u00e9morer tout \u00e7a\u00bb, a-t-il expliqu\u00e9.<\/p>\n<p class=\"fig-paragraph\">Un peu \u00e9merveill\u00e9, Vacherot a enfin racont\u00e9 sa discussion avec Roger Federer apr\u00e8s la finale de dimanche. \u00abJ&rsquo;ai eu la chance de parler 30 minutes avec Federer. J&rsquo;ai pu lui serrer la main pour la premi\u00e8re fois et lui m&rsquo;a dit: +Je ne pense pas que tu r\u00e9alises que \u00e7a n&rsquo;arrive jamais ce que tu as fait, \u00e7a va faire tellement de bien au tennis+. Finir l\u00e0-dessus, passer du temps \u00e0 c\u00e9l\u00e9brer avec Federer, je n&rsquo;ai pas les mots&#8230;\u00bb, a-t-il dit.<\/p>\n","protected":false},"excerpt":{"rendered":"Encore aux anges 48 heures apr\u00e8s son incroyable titre \u00e0 Shanghai, le joueur mon\u00e9gasque a \u00e9t\u00e9 accueilli comme&hellip;\n","protected":false},"author":2,"featured_media":463269,"comment_status":"","ping_status":"","sticky":false,"template":"","format":"standard","meta":{"footnotes":""},"categories":[1415],"tags":[47,4169,525,1981,4178,4179,1011,27,1114,3996,4177,4176,4174,4175,1980,4171,60,1467,4172,4173,4170],"class_list":{"0":"post-463268","1":"post","2":"type-post","3":"status-publish","4":"format-standard","5":"has-post-thumbnail","7":"category-tennis","8":"tag-actualite","9":"tag-atp","10":"tag-calendrier","11":"tag-classement","12":"tag-coupe-davis","13":"tag-fed-cup","14":"tag-fr","15":"tag-france","16":"tag-infos","17":"tag-jeux-olympiques","18":"tag-masters-1000","19":"tag-masters-500","20":"tag-masters-series","21":"tag-open-daustralie","22":"tag-resultats","23":"tag-roland-garros","24":"tag-sports","25":"tag-tennis","26":"tag-us-open","27":"tag-wimbledon","28":"tag-wta"},"share_on_mastodon":{"url":"https:\/\/pubeurope.com\/@fr\/115374548727945029","error":""},"_links":{"self":[{"href":"https:\/\/www.europesays.com\/fr\/wp-json\/wp\/v2\/posts\/463268","targetHints":{"allow":["GET"]}}],"collection":[{"href":"https:\/\/www.europesays.com\/fr\/wp-json\/wp\/v2\/posts"}],"about":[{"href":"https:\/\/www.europesays.com\/fr\/wp-json\/wp\/v2\/types\/post"}],"author":[{"embeddable":true,"href":"https:\/\/www.europesays.com\/fr\/wp-json\/wp\/v2\/users\/2"}],"replies":[{"embeddable":true,"href":"https:\/\/www.europesays.com\/fr\/wp-json\/wp\/v2\/comments?post=463268"}],"version-history":[{"count":0,"href":"https:\/\/www.europesays.com\/fr\/wp-json\/wp\/v2\/posts\/463268\/revisions"}],"wp:featuredmedia":[{"embeddable":true,"href":"https:\/\/www.europesays.com\/fr\/wp-json\/wp\/v2\/media\/463269"}],"wp:attachment":[{"href":"https:\/\/www.europesays.com\/fr\/wp-json\/wp\/v2\/media?parent=463268"}],"wp:term":[{"taxonomy":"category","embeddable":true,"href":"https:\/\/www.europesays.com\/fr\/wp-json\/wp\/v2\/categories?post=463268"},{"taxonomy":"post_tag","embeddable":true,"href":"https:\/\/www.europesays.com\/fr\/wp-json\/wp\/v2\/tags?post=463268"}],"curies":[{"name":"wp","href":"https:\/\/api.w.org\/{rel}","templated":true}]}}