{"id":46330,"date":"2025-04-23T10:31:10","date_gmt":"2025-04-23T10:31:10","guid":{"rendered":"https:\/\/www.europesays.com\/fr\/46330\/"},"modified":"2025-04-23T10:31:10","modified_gmt":"2025-04-23T10:31:10","slug":"larbre-blanc-a-montpellier-elu-plus-bel-immeuble-au-monde","status":"publish","type":"post","link":"https:\/\/www.europesays.com\/fr\/46330\/","title":{"rendered":"L&rsquo;Arbre Blanc \u00e0 Montpellier \u00e9lu \u00ab\u00a0plus bel immeuble au monde\u00a0\u00bb"},"content":{"rendered":"<p>\u00c0 Montpellier, l\u2019Arbre Blanc a \u00e9t\u00e9 \u00e9lu plus bel immeuble r\u00e9sidentiel au monde. Une architecture \u00e0 d\u00e9couvrir Place Christophe Colomb.<\/p>\n<p>Les projets singuliers de Sou Fujimoto<\/p>\n<p>Au Japon, Sou Fujimoto a imagin\u00e9 une maison v\u00e9g\u00e9tale avec vue sur la mer. NOT A HOTEL ISHIGAKI se situe sur l&rsquo;\u00eele de d&rsquo;Ishigaki, \u00e0 Okinawa, sur un terrain de pr\u00e8s de 10 kilom\u00e8tres carr\u00e9s. L&rsquo;\u00e9tablissement avec jardin offre une vue imprenable sur l&rsquo;oc\u00e9an. Outre sa vue et l&rsquo;apaisement qui se d\u00e9gage du lieu, l&rsquo;h\u00f4tel est remarquable par son architecture, sortie de l&rsquo;imaginaire de Sou Fujimoto. De forme ronde, le b\u00e2timent joue avec l&rsquo;int\u00e9rieur et l&rsquo;ext\u00e9rieur. Le toit est enti\u00e8rement v\u00e9g\u00e9talis\u00e9, et de grandes baies vitres arrondies laissent la nature entrer dans l&rsquo;h\u00f4tel et la vie se passer dans le jardin.  NOT A HOTEL ISHAGAKI est compos\u00e9 de 4 chambres s\u00e9par\u00e9es, pouvant accueillir jusqu&rsquo;\u00e0 10 personnes, d&rsquo;une salle \u00e0 manger, d&rsquo;un salon et d&rsquo;une cuisine avec vue sur la mer. Une terrasse compl\u00e8te le lieu, avec piscine, sauna, baignoire en plein air et un coin feu de camp. Le cabinet d\u2019architecture japonais Sou Fujimoto Architects a \u00e9galement imagin\u00e9 une structure futuriste, situ\u00e9e au-dessus de la baie de Shenzhen. Haute de 268 m\u00e8tres, l\u2019armature de l\u2019\u00eele se composera de 99 tours individuelles connect\u00e9es entre elles et reli\u00e9es \u00e0 la tour centrale par des points de contact limit\u00e9s et peu visibles. Construite essentiellement en acier, fibre de carbone et b\u00e9ton, la tour centrale de la structure sera entour\u00e9e de c\u00e2bles de tension en Kevlar. Les pilotis, sur lesquels sera plac\u00e9 cet amas d\u2019\u00eeles \u00e9th\u00e9r\u00e9, verront leur diam\u00e8tre se r\u00e9duire \u00e0 mesure que l\u2019on approchera du socle de la structure. Cette architecture astucieuse donnant ainsi l\u2019illusion que la plateforme est un v\u00e9ritable disque volant dans les airs, au-dessus d\u2019une immense cascade. Ce jeu entre les entit\u00e9s multiples et simples qui se confondent pour former un tout unique est une volont\u00e9 du cabinet de transmettre sa vision de la soci\u00e9t\u00e9 et de sa diversit\u00e9. Guidant la r\u00e9flexion futuriste du cabinet d\u2019architecture japonais, le projet vise \u00e0 r\u00e9pondre aux interrogations entourant le r\u00f4le de la \u00ab tour \u00bb au XXIe si\u00e8cle. Les architectes ont pour ambition de r\u00e9aliser un monument qui puisse \u00e9voluer tout en restant attractif au fil des ann\u00e9es. Tr\u00e8s inspir\u00e9 par les architectures avant-gardistes telle que la tour Eiffel, cette future r\u00e9alisation s\u2019inscrit dans une d\u00e9marche de construction \u00e0 long terme.<\/p>\n","protected":false},"excerpt":{"rendered":"\u00c0 Montpellier, l\u2019Arbre Blanc a \u00e9t\u00e9 \u00e9lu plus bel immeuble r\u00e9sidentiel au monde. Une architecture \u00e0 d\u00e9couvrir Place&hellip;\n","protected":false},"author":2,"featured_media":46331,"comment_status":"","ping_status":"","sticky":false,"template":"","format":"standard","meta":{"footnotes":""},"categories":[9599],"tags":[1111,11,13588,13589,1777,674,1011,27,2208,12,2680,25],"class_list":{"0":"post-46330","1":"post","2":"type-post","3":"status-publish","4":"format-standard","5":"has-post-thumbnail","7":"category-montpellier","8":"tag-actu","9":"tag-actualites","10":"tag-architecture-extraordinaire","11":"tag-batiments-celebres","12":"tag-eu","13":"tag-europe","14":"tag-fr","15":"tag-france","16":"tag-montpellier","17":"tag-news","18":"tag-occitanie","19":"tag-republique-francaise"},"share_on_mastodon":{"url":"https:\/\/pubeurope.com\/@fr\/114386821688741753","error":""},"_links":{"self":[{"href":"https:\/\/www.europesays.com\/fr\/wp-json\/wp\/v2\/posts\/46330","targetHints":{"allow":["GET"]}}],"collection":[{"href":"https:\/\/www.europesays.com\/fr\/wp-json\/wp\/v2\/posts"}],"about":[{"href":"https:\/\/www.europesays.com\/fr\/wp-json\/wp\/v2\/types\/post"}],"author":[{"embeddable":true,"href":"https:\/\/www.europesays.com\/fr\/wp-json\/wp\/v2\/users\/2"}],"replies":[{"embeddable":true,"href":"https:\/\/www.europesays.com\/fr\/wp-json\/wp\/v2\/comments?post=46330"}],"version-history":[{"count":0,"href":"https:\/\/www.europesays.com\/fr\/wp-json\/wp\/v2\/posts\/46330\/revisions"}],"wp:featuredmedia":[{"embeddable":true,"href":"https:\/\/www.europesays.com\/fr\/wp-json\/wp\/v2\/media\/46331"}],"wp:attachment":[{"href":"https:\/\/www.europesays.com\/fr\/wp-json\/wp\/v2\/media?parent=46330"}],"wp:term":[{"taxonomy":"category","embeddable":true,"href":"https:\/\/www.europesays.com\/fr\/wp-json\/wp\/v2\/categories?post=46330"},{"taxonomy":"post_tag","embeddable":true,"href":"https:\/\/www.europesays.com\/fr\/wp-json\/wp\/v2\/tags?post=46330"}],"curies":[{"name":"wp","href":"https:\/\/api.w.org\/{rel}","templated":true}]}}