{"id":463305,"date":"2025-10-14T21:23:43","date_gmt":"2025-10-14T21:23:43","guid":{"rendered":"https:\/\/www.europesays.com\/fr\/463305\/"},"modified":"2025-10-14T21:23:43","modified_gmt":"2025-10-14T21:23:43","slug":"des-mineurs-ciblent-un-garage-dautres-une-station-de-lavage","status":"publish","type":"post","link":"https:\/\/www.europesays.com\/fr\/463305\/","title":{"rendered":"des mineurs ciblent un garage, d\u2019autres une station de lavage"},"content":{"rendered":"<p>  Ils volent 150\u00a0euros dans un distributeur de lingettes<\/p>\n<p>Il \u00e9tait 15\u00a0h\u00a030, dimanche apr\u00e8s-midi, quand le g\u00e9rant d\u2019une station de lavage de voitures situ\u00e9e dans le quartier st\u00e9phanois de La Rivi\u00e8re a compos\u00e9 le 17. Deux jeunes hommes venaient de s\u2019en prendre au distributeur de lingettes du site pour y r\u00e9cup\u00e9rer l\u2019argent.<\/p>\n<p>Ils sont repartis avec 150\u00a0euros en liquide. Les cam\u00e9ras de surveillance ont permis d\u2019identifier un des individus, \u00e2g\u00e9 de 17 ans comme son comp\u00e8re. L\u2019autre a pu l\u2019\u00eatre gr\u00e2ce \u00e0 la plaque d\u2019immatriculation de son v\u00e9hicule visible sur les vid\u00e9os.<\/p>\n<p>Une \u00e9quipe de police s\u2019est rendue au logement de ce dernier, dans l\u2019Ondaine, pour l\u2019interpeller. Le second s\u2019est rendu de lui-m\u00eame au commissariat accompagn\u00e9 de sa m\u00e8re. Ils ont \u00e9t\u00e9 plac\u00e9s en garde \u00e0 vue \u00e0 l\u2019issue de laquelle ils ont re\u00e7u une convocation devant le juge des enfants pour vol avec d\u00e9gradations en r\u00e9union.<\/p>\n<p>  Ils volent une voiture et publient leur m\u00e9fait sur les r\u00e9seaux sociaux<\/p>\n<p>Un peu plus tard, dans la soir\u00e9e, un autre duo d\u2019adolescents a s\u00e9vi \u00e0 Saint-\u00c9tienne. Il \u00e9tait 21\u00a0h\u00a030 quand les deux gar\u00e7ons \u00e2g\u00e9s de 14 et 15 ans\u00a0ont bris\u00e9 la fen\u00eatre d\u2019un garage automobile situ\u00e9e dans la zone commerciale de Monthieu avec une pierre.<\/p>\n<p>Une fois \u00e0 l\u2019int\u00e9rieur, ils parviennent \u00e0 faire d\u00e9marrer une voiture Peugeot 208 avec laquelle ils repartent en for\u00e7ant le portail du garage.\u00a0Ils n\u2019ont pu s\u2019emp\u00eacher de se vanter de leur m\u00e9fait sur les r\u00e9seaux sociaux. Le p\u00e8re de l\u2019un d\u2019eux les a vus et a appel\u00e9 la police.<\/p>\n<p>Une patrouille de la BAC (Brigade anticriminalit\u00e9) a interpell\u00e9 les deux individus dans un fast-food \u00e0 Saint-Chamond avant de les placer en garde \u00e0 vue, l\u2019issue de laquelle ils ont re\u00e7u une convocation devant le juge des enfants pour vol avec d\u00e9gradations en r\u00e9union.<\/p>\n","protected":false},"excerpt":{"rendered":"Ils volent 150\u00a0euros dans un distributeur de lingettes Il \u00e9tait 15\u00a0h\u00a030, dimanche apr\u00e8s-midi, quand le g\u00e9rant d\u2019une station&hellip;\n","protected":false},"author":2,"featured_media":463306,"comment_status":"","ping_status":"","sticky":false,"template":"","format":"standard","meta":{"footnotes":""},"categories":[9653],"tags":[1111,11,2430,271,272,7539,1777,674,274,1011,27,3367,12,25,4001,7538],"class_list":{"0":"post-463305","1":"post","2":"type-post","3":"status-publish","4":"format-standard","5":"has-post-thumbnail","7":"category-saint-etienne","8":"tag-actu","9":"tag-actualites","10":"tag-auvergne-rhone-alpes","11":"tag-crime","12":"tag-delit-et-contravention","13":"tag-edition-loire-sud","14":"tag-eu","15":"tag-europe","16":"tag-faits-divers-justice","17":"tag-fr","18":"tag-france","19":"tag-loire","20":"tag-news","21":"tag-republique-francaise","22":"tag-saint-etienne","23":"tag-saint-etienne-ville"},"share_on_mastodon":{"url":"https:\/\/pubeurope.com\/@fr\/115374627599514530","error":""},"_links":{"self":[{"href":"https:\/\/www.europesays.com\/fr\/wp-json\/wp\/v2\/posts\/463305","targetHints":{"allow":["GET"]}}],"collection":[{"href":"https:\/\/www.europesays.com\/fr\/wp-json\/wp\/v2\/posts"}],"about":[{"href":"https:\/\/www.europesays.com\/fr\/wp-json\/wp\/v2\/types\/post"}],"author":[{"embeddable":true,"href":"https:\/\/www.europesays.com\/fr\/wp-json\/wp\/v2\/users\/2"}],"replies":[{"embeddable":true,"href":"https:\/\/www.europesays.com\/fr\/wp-json\/wp\/v2\/comments?post=463305"}],"version-history":[{"count":0,"href":"https:\/\/www.europesays.com\/fr\/wp-json\/wp\/v2\/posts\/463305\/revisions"}],"wp:featuredmedia":[{"embeddable":true,"href":"https:\/\/www.europesays.com\/fr\/wp-json\/wp\/v2\/media\/463306"}],"wp:attachment":[{"href":"https:\/\/www.europesays.com\/fr\/wp-json\/wp\/v2\/media?parent=463305"}],"wp:term":[{"taxonomy":"category","embeddable":true,"href":"https:\/\/www.europesays.com\/fr\/wp-json\/wp\/v2\/categories?post=463305"},{"taxonomy":"post_tag","embeddable":true,"href":"https:\/\/www.europesays.com\/fr\/wp-json\/wp\/v2\/tags?post=463305"}],"curies":[{"name":"wp","href":"https:\/\/api.w.org\/{rel}","templated":true}]}}