{"id":463319,"date":"2025-10-14T21:30:22","date_gmt":"2025-10-14T21:30:22","guid":{"rendered":"https:\/\/www.europesays.com\/fr\/463319\/"},"modified":"2025-10-14T21:30:22","modified_gmt":"2025-10-14T21:30:22","slug":"le-groupe-isaac-scholl-vitrine-du-plan-ecoles-2030","status":"publish","type":"post","link":"https:\/\/www.europesays.com\/fr\/463319\/","title":{"rendered":"le groupe Isaac-Scholl, vitrine du Plan \u00e9coles 2030"},"content":{"rendered":"<p class=\"c-paragraph\">La rentr\u00e9e a vu l\u2019ouverture de deux groupes scolaires \u00e0 Montpellier (H\u00e9rault) : Hypatie \u00e0 la Mosson (22,8 M\u20ac, TLA) et Isaac-Scholl au c\u0153ur de la ZAC Nouveau Saint-Roch (14 M\u20ac, Moon Safari). R\u00e9alis\u00e9 par BEC Construction sur une friche ferroviaire, ce dernier \u00e9tablissement de 10 classes associe lignes g\u00e9om\u00e9triques et formes organiques. \u00ab Conduit en conception-r\u00e9alisation, le projet combine plusieurs solutions : structure b\u00e9ton bas carbone, fa\u00e7ades en bois, isolants en fibres textiles recycl\u00e9es, brise-soleil orientables\u2026 Elles lui ont valu de devenir la premi\u00e8re \u00e9cole montpelli\u00e9raine labellis\u00e9e BDO niveau or \u00bb, indique Floriana Ricciuti, responsable d\u2019op\u00e9rations chez Serm\/Alt\u00e9med.<\/p>\n<p class=\"c-paragraph\">La sensibilisation des enseignants et des enfants aux \u00e9cogestes, un manuel d\u2019utilisation et une formation pour faciliter la prise en main du b\u00e2timent, l\u2019attention port\u00e9e aux mobilit\u00e9s (cheminements pi\u00e9tons s\u00e9curis\u00e9s, pistes cyclables\u2026) et \u00e0 la nature compl\u00e8tent la d\u00e9marche. Une signal\u00e9tique inspir\u00e9e de la faune et de la flore ainsi que des cours am\u00e9nag\u00e9es (nichoirs, bacs \u00e0 insectes\u2026) prolongent le lien avec le parc voisin et permettent de faire la classe en ext\u00e9rieur.<\/p>\n<p class=\"c-paragraph\"><b>Engagements climatiques<\/b>. Avec 400 M\u20ac investis d\u2019ici 2030, Montpellier entend mener \u00e0 bien cinq constructions, quatre extensions et sept reconstructions, toutes exemplaires et ouvertes sur leur quartier. Parmi les chantiers \u00e0 venir : la reconstruction du p\u00f4le \u00e9ducatif des Halles \u00e0 la Mosson (55,7 M\u20ac, BPA), livr\u00e9e en deux phases (2026 et 2028) et le futur groupe scolaire Croix d\u2019Argent (13,4 M\u20ac), dont le lot principal a \u00e9t\u00e9 attribu\u00e9 cet \u00e9t\u00e9 \u00e0 Brun Ceccotti M\u00e9diterran\u00e9e et Structures Bois Couverture.<\/p>\n<p class=\"c-paragraph\">Enfin, l\u2019appel d\u2019offres travaux pour l\u2019\u00e9cole Parc 2000 est lanc\u00e9 (24 M\u20ac, Brenac &amp; Gonzalez). Comme le r\u00e9sume V\u00e9ronique Brunet, premi\u00e8re adjointe au maire d\u00e9l\u00e9gu\u00e9e \u00e0 la Ville \u00e9ducative, \u00ab le ma\u00eetre d\u2019ouvrage public doit d\u00e9passer le simple r\u00f4le de donneur d\u2019ordres pour assurer la coh\u00e9rence entre projets et engagements climatiques. Cela suppose de penser la dur\u00e9e de vie des b\u00e2timents au-del\u00e0 du co\u00fbt initial, et de faire des \u00e9coles des lieux d\u2019apprentissage de la transition \u00e9cologique. \u00bb<\/p>\n","protected":false},"excerpt":{"rendered":"La rentr\u00e9e a vu l\u2019ouverture de deux groupes scolaires \u00e0 Montpellier (H\u00e9rault) : Hypatie \u00e0 la Mosson (22,8&hellip;\n","protected":false},"author":2,"featured_media":463320,"comment_status":"","ping_status":"","sticky":false,"template":"","format":"standard","meta":{"footnotes":""},"categories":[9599],"tags":[1111,11,1350,54323,28516,1777,674,1011,27,3009,7089,693,2208,12,2680,19469,25,7333],"class_list":{"0":"post-463319","1":"post","2":"type-post","3":"status-publish","4":"format-standard","5":"has-post-thumbnail","7":"category-montpellier","8":"tag-actu","9":"tag-actualites","10":"tag-architecture","11":"tag-batiment-denseignement","12":"tag-espaces-publics","13":"tag-eu","14":"tag-europe","15":"tag-fr","16":"tag-france","17":"tag-friche","18":"tag-herault","19":"tag-industrie","20":"tag-montpellier","21":"tag-news","22":"tag-occitanie","23":"tag-realisations","24":"tag-republique-francaise","25":"tag-vie-du-btp"},"share_on_mastodon":{"url":"https:\/\/pubeurope.com\/@fr\/115374655084467779","error":""},"_links":{"self":[{"href":"https:\/\/www.europesays.com\/fr\/wp-json\/wp\/v2\/posts\/463319","targetHints":{"allow":["GET"]}}],"collection":[{"href":"https:\/\/www.europesays.com\/fr\/wp-json\/wp\/v2\/posts"}],"about":[{"href":"https:\/\/www.europesays.com\/fr\/wp-json\/wp\/v2\/types\/post"}],"author":[{"embeddable":true,"href":"https:\/\/www.europesays.com\/fr\/wp-json\/wp\/v2\/users\/2"}],"replies":[{"embeddable":true,"href":"https:\/\/www.europesays.com\/fr\/wp-json\/wp\/v2\/comments?post=463319"}],"version-history":[{"count":0,"href":"https:\/\/www.europesays.com\/fr\/wp-json\/wp\/v2\/posts\/463319\/revisions"}],"wp:featuredmedia":[{"embeddable":true,"href":"https:\/\/www.europesays.com\/fr\/wp-json\/wp\/v2\/media\/463320"}],"wp:attachment":[{"href":"https:\/\/www.europesays.com\/fr\/wp-json\/wp\/v2\/media?parent=463319"}],"wp:term":[{"taxonomy":"category","embeddable":true,"href":"https:\/\/www.europesays.com\/fr\/wp-json\/wp\/v2\/categories?post=463319"},{"taxonomy":"post_tag","embeddable":true,"href":"https:\/\/www.europesays.com\/fr\/wp-json\/wp\/v2\/tags?post=463319"}],"curies":[{"name":"wp","href":"https:\/\/api.w.org\/{rel}","templated":true}]}}