{"id":463325,"date":"2025-10-14T21:33:24","date_gmt":"2025-10-14T21:33:24","guid":{"rendered":"https:\/\/www.europesays.com\/fr\/463325\/"},"modified":"2025-10-14T21:33:24","modified_gmt":"2025-10-14T21:33:24","slug":"grenoble-percute-par-une-voiture-sur-un-pont-un-homme-de-20-ans-a-trottinette-fait-une-chute-de-3-metres","status":"publish","type":"post","link":"https:\/\/www.europesays.com\/fr\/463325\/","title":{"rendered":"Grenoble. Percut\u00e9 par une voiture sur un pont, un homme\u00a0de\u00a020 ans \u00e0 trottinette fait une chute de 3 m\u00e8tres"},"content":{"rendered":"<p>D&rsquo;importants moyens de secours ont \u00e9t\u00e9 d\u00e9p\u00each\u00e9s par le Sdis 38 (Service d\u00e9partemental d&rsquo;incendie et de secours) sur l&rsquo;autopont situ\u00e9 au niveau de l&rsquo;estacade du cours Berriat \u00e0 Grenoble \u00e0 la suite d&rsquo;une collision entre une voiture et une trottinette.<\/p>\n<p>Ce contenu est bloqu\u00e9 car vous n&rsquo;avez pas accept\u00e9 les cookies et autres traceurs.<\/p>\n<p>En cliquant sur \u00ab J\u2019accepte \u00bb, les cookies et autres traceurs seront d\u00e9pos\u00e9s et vous pourrez visualiser les contenus  (<a href=\"\" class=\"consentModule_policy\" target=\"_blank\" title=\"Consulter la politique de protection des donn\u00e9es du fournisseur\">plus d&rsquo;informations<\/a>).<\/p>\n<p>En cliquant sur \u00ab J\u2019accepte tous les cookies \u00bb, vous autorisez des d\u00e9p\u00f4ts de cookies et autres traceurs pour le stockage de vos donn\u00e9es sur nos sites et applications \u00e0 des fins de personnalisation et de ciblage publicitaire.<\/p>\n<p class=\"consentModule_secondaryText\">Vous gardez la possibilit\u00e9 de retirer votre consentement \u00e0 tout moment en consultant notre <a href=\"https:\/\/www.ledauphine.com\/protection-des-donnees\" target=\"_blank\" title=\"Consulter notre politique de protection des donn\u00e9es\" rel=\"noopener\">politique de protection des donn\u00e9es<\/a>. <br \/>&#13;<br \/>\n            <a href=\"https:\/\/www.ledauphine.com\/faits-divers-justice\/2025\/10\/14\/javascript:Didomi.notice.show()\" class=\"consentModule_cmp\" target=\"_blank\" rel=\"noopener\">G\u00e9rer mes choix<\/a>&#13;\n        <\/p>\n<p>&#13;<br \/>\n                        J&rsquo;accepte&#13;<br \/>\n            J&rsquo;accepte tous les cookies&#13;\n        <\/p>\n<p>L&rsquo;accident s&rsquo;est produit vers 10 h 30 sur la voie qui relie l&rsquo;avenue de Vizille et la rue Pierre-S\u00e9mard, derri\u00e8re le poste d&rsquo;aiguillage 3 de la SNCF.<\/p>\n<p>Le Groupe de reconnaissance et d&rsquo;intervention en milieu p\u00e9rilleux mobilis\u00e9 sur l&rsquo;accident<\/p>\n<p>La victime, un jeune homme qui serait \u00e2g\u00e9 de\u00a020 ans, a \u00e9t\u00e9 projet\u00e9e par dessus les barri\u00e8res de s\u00e9curit\u00e9 et est tomb\u00e9e environ trois m\u00e8tres en contrebas de la chauss\u00e9e, c\u00f4t\u00e9 Pierre-S\u00e9mard.<\/p>\n<p>Il est actuellement secouru par les sapeurs-pompiers et le Samu et une \u00e9quipe du Grimp 38 (Groupe de reconnaissance et d&rsquo;intervention en milieu p\u00e9rilleux) a \u00e9t\u00e9 mise \u00e0 contribution pour permettre d&rsquo;\u00e9vacuer le bless\u00e9 dans de bonnes conditions. \u00a0<\/p>\n","protected":false},"excerpt":{"rendered":"D&rsquo;importants moyens de secours ont \u00e9t\u00e9 d\u00e9p\u00each\u00e9s par le Sdis 38 (Service d\u00e9partemental d&rsquo;incendie et de secours) sur&hellip;\n","protected":false},"author":2,"featured_media":463326,"comment_status":"","ping_status":"","sticky":false,"template":"","format":"standard","meta":{"footnotes":""},"categories":[9566],"tags":[119,1111,11,2430,112,1777,674,274,107,1011,27,2731,2732,108,12,25],"class_list":{"0":"post-463325","1":"post","2":"type-post","3":"status-publish","4":"format-standard","5":"has-post-thumbnail","7":"category-grenoble","8":"tag-accident","9":"tag-actu","10":"tag-actualites","11":"tag-auvergne-rhone-alpes","12":"tag-edition-grenoble-agglomeration","13":"tag-eu","14":"tag-europe","15":"tag-faits-divers-justice","16":"tag-fil-info","17":"tag-fr","18":"tag-france","19":"tag-grenoble","20":"tag-grenoble-bassin","21":"tag-isere","22":"tag-news","23":"tag-republique-francaise"},"share_on_mastodon":{"url":"https:\/\/pubeurope.com\/@fr\/115374666793299973","error":""},"_links":{"self":[{"href":"https:\/\/www.europesays.com\/fr\/wp-json\/wp\/v2\/posts\/463325","targetHints":{"allow":["GET"]}}],"collection":[{"href":"https:\/\/www.europesays.com\/fr\/wp-json\/wp\/v2\/posts"}],"about":[{"href":"https:\/\/www.europesays.com\/fr\/wp-json\/wp\/v2\/types\/post"}],"author":[{"embeddable":true,"href":"https:\/\/www.europesays.com\/fr\/wp-json\/wp\/v2\/users\/2"}],"replies":[{"embeddable":true,"href":"https:\/\/www.europesays.com\/fr\/wp-json\/wp\/v2\/comments?post=463325"}],"version-history":[{"count":0,"href":"https:\/\/www.europesays.com\/fr\/wp-json\/wp\/v2\/posts\/463325\/revisions"}],"wp:featuredmedia":[{"embeddable":true,"href":"https:\/\/www.europesays.com\/fr\/wp-json\/wp\/v2\/media\/463326"}],"wp:attachment":[{"href":"https:\/\/www.europesays.com\/fr\/wp-json\/wp\/v2\/media?parent=463325"}],"wp:term":[{"taxonomy":"category","embeddable":true,"href":"https:\/\/www.europesays.com\/fr\/wp-json\/wp\/v2\/categories?post=463325"},{"taxonomy":"post_tag","embeddable":true,"href":"https:\/\/www.europesays.com\/fr\/wp-json\/wp\/v2\/tags?post=463325"}],"curies":[{"name":"wp","href":"https:\/\/api.w.org\/{rel}","templated":true}]}}