{"id":463338,"date":"2025-10-14T21:41:13","date_gmt":"2025-10-14T21:41:13","guid":{"rendered":"https:\/\/www.europesays.com\/fr\/463338\/"},"modified":"2025-10-14T21:41:13","modified_gmt":"2025-10-14T21:41:13","slug":"un-enfant-au-centre-de-lenquete-et-un-nouveau-rebondissement","status":"publish","type":"post","link":"https:\/\/www.europesays.com\/fr\/463338\/","title":{"rendered":"un enfant au centre de l&rsquo;enqu\u00eate et un nouveau rebondissement"},"content":{"rendered":"<p class=\"app_entry_lead\">\n<p>                    <a title=\"\u00a0\u00a9\u00a0FRED SCHEIBER\/SIPA (publi\u00e9e le 14\/10\/2025)\" href=\"https:\/\/www.europesays.com\/fr\/wp-content\/uploads\/2025\/10\/81458265.jpg\" class=\"fancy\"><\/p>\n<p>                            <img loading=\"lazy\" decoding=\"async\" src=\"https:\/\/www.europesays.com\/fr\/wp-content\/uploads\/2025\/10\/81458265.jpg\" alt=\"Meurtre d'Ariane Guillot \u00e0 Nice\u00a0: un enfant au centre de l'enqu\u00eate et un nouveau rebondissement\" width=\"1500\" height=\"1000\"\/><\/p>\n<p>                    <\/a><\/p>\n<p>                Vingt-quatre ans apr\u00e8s le meurtre d&rsquo;Ariane Guillot \u00e0 Nice, cette myst\u00e9rieuse affaire pourra-t-elle bient\u00f4t \u00eatre \u00e9lucid\u00e9e\u00a0? Un nouvel appel \u00e0 t\u00e9moins a \u00e9t\u00e9 lanc\u00e9 ce mardi.<\/p>\n<p>L&rsquo;affaire du meurtre d&rsquo;Ariane Guillot avait secou\u00e9 les Ni\u00e7ois au d\u00e9but des ann\u00e9es 2000. Pr\u00e8s d&rsquo;un quart de si\u00e8cle plus tard, le myst\u00e8re reste intact. Originaire de la r\u00e9gion parisienne, la jeune enseignante de 25\u00a0ans s\u00e9journait \u00e0 <a href=\"https:\/\/www.linternaute.com\/ville\/nice\/ville-06088\" title=\"Nice\" target=\"_blank\" rel=\"noopener\">Nice<\/a>, chez son fr\u00e8re, lorsqu&rsquo;elle a \u00e9t\u00e9 poignard\u00e9e au beau milieu du parc de la colline du Ch\u00e2teau le 18 avril 2001, en pleine p\u00e9riode de vacances scolaires. Il aura suffi\u00a0d&rsquo;un coup de couteau unique \u00e0 la poitrine pour sceller\u00a0son sort.<\/p>\n<p>Seul t\u00e9moin oculaire du meurtre : un enfant. Le fils de son fr\u00e8re Tristan, qu&rsquo;elle \u00e9tait venue garder en l&rsquo;absence de ses parents. Mais \u00e2g\u00e9 de seulement trois ans, le neveu d&rsquo;Ariane Guillot n&rsquo;avait gu\u00e8re pu aider les enqu\u00eateurs \u00e0 l&rsquo;\u00e9poque. Pour lui, sa tante aurait \u00e9t\u00e9 victime d&rsquo;un \u00ab\u00a0chasseur\u00a0\u00bb qui n&rsquo;aurait pas vraiment cherch\u00e9\u00a0\u00e0 discuter avant d&rsquo;attaquer la jeune femme. Pauvre de ce seul t\u00e9moignage oculaire et de quelques t\u00e9moins auditifs, qui auraient seulement entendu la victime hurler\u00a0: \u00ab\u00a0Je n&rsquo;en ai pas\u00a0\u00bb, sans en dire davantage, les enqu\u00eateurs avaient toutefois d\u00e9cid\u00e9 d&rsquo;\u00e9carter la piste du crime crapuleux, le portefeuille de la victime ayant \u00e9t\u00e9 retrouv\u00e9 non loin de l\u00e0 complet, rappellent\u00a0<a href=\"https:\/\/rmc.bfmtv.com\/actualites\/police-justice\/faits-divers\/meurtre-d-ariane-guillot-a-nice-en-2001-la-justice-lance-un-appel-a-temoin-pour-tenter-de-resoudre-l-affaire-non-elucidee_AN-202510140033.html\" target=\"_blank\" rel=\"noopener\">RMC<\/a>\u00a0et\u00a0<a href=\"https:\/\/www.bfmtv.com\/police-justice\/meurtre-d-ariane-guillot-plus-de-20-ans-apres-la-mort-de-l-enseignante-un-mystere-intact_AN-202510140644.html\" target=\"_blank\" rel=\"noopener\">BFMTV<\/a>.<\/p>\n<p>\u00ab\u00a0Il y avait quand m\u00eame du monde dans ce parc\u00a0\u00bb<\/p>\n<p>Alors que les traces d&rsquo;ADN\u00a0d\u00e9couvertes sur place n&rsquo;avaient pas non plus pu aider les enqu\u00eateurs, les analyses n&rsquo;\u00e9tant pas aussi \u00e9volu\u00e9es qu&rsquo;aujourd&rsquo;hui, l&rsquo;enqu\u00eate avait rapidement tourn\u00e9 en rond. S&rsquo;en \u00e9taient suivis un\u00a0premier non-lieu en 2006, puis un second en 2009. Mais la donne pourrait changer. Le P\u00f4le national des crimes s\u00e9riels ou non \u00e9lucid\u00e9s (PCSNE), install\u00e9 \u00e0 Nanterre, a en effet d\u00e9cid\u00e9 de rouvrir le dossier en 2023, souligne RMC. Et ce mardi 14 octobre, une vid\u00e9o d&rsquo;appel \u00e0 t\u00e9moins a \u00e9t\u00e9 diffus\u00e9e sur les sites et les r\u00e9seaux sociaux des minist\u00e8res de l&rsquo;Int\u00e9rieur et de la Justice.<\/p>\n<p>Interrog\u00e9 par RMC, le fr\u00e8re de la victime, qui cherche toujours des r\u00e9ponses,\u00a0esp\u00e8re que cela permettra \u00e0 des t\u00e9moins de sortir de l&rsquo;ombre.\u00a0\u00ab\u00a0Il y avait quand m\u00eame du monde dans ce parc, ma s\u0153ur se promenait avec mon fils qui avait trois ans, on l&rsquo;a entendue crier\u2026 Et donc il peut y avoir des t\u00e9moignages cl\u00e9 qui ne sont pas sortis \u00e0 cette \u00e9poque-l\u00e0 et qui pourraient permettre de comprendre ce qu&rsquo;il s&rsquo;est pass\u00e9\u00a0\u00bb, a-t-il d\u00e9clar\u00e9, avant d&rsquo;inviter\u00a0tous ceux qui auraient vu ou entendu quelque chose \u00e0 se manifester.<\/p>\n","protected":false},"excerpt":{"rendered":"Vingt-quatre ans apr\u00e8s le meurtre d&rsquo;Ariane Guillot \u00e0 Nice, cette myst\u00e9rieuse affaire pourra-t-elle bient\u00f4t \u00eatre \u00e9lucid\u00e9e\u00a0? Un nouvel&hellip;\n","protected":false},"author":2,"featured_media":463339,"comment_status":"","ping_status":"","sticky":false,"template":"","format":"standard","meta":{"footnotes":""},"categories":[2819],"tags":[1111,11,58747,51761,1777,674,118,51763,1011,27,12,2401,51767,882,25],"class_list":{"0":"post-463338","1":"post","2":"type-post","3":"status-publish","4":"format-standard","5":"has-post-thumbnail","7":"category-nice","8":"tag-actu","9":"tag-actualites","10":"tag-cms-linternaute-9006073","11":"tag-controller-content","12":"tag-eu","13":"tag-europe","14":"tag-faits-divers","15":"tag-format-papier","16":"tag-fr","17":"tag-france","18":"tag-news","19":"tag-nice","20":"tag-parallaxeinfeed","21":"tag-provence-alpes-cote-dazur","22":"tag-republique-francaise"},"share_on_mastodon":{"url":"https:\/\/pubeurope.com\/@fr\/115374698634514128","error":""},"_links":{"self":[{"href":"https:\/\/www.europesays.com\/fr\/wp-json\/wp\/v2\/posts\/463338","targetHints":{"allow":["GET"]}}],"collection":[{"href":"https:\/\/www.europesays.com\/fr\/wp-json\/wp\/v2\/posts"}],"about":[{"href":"https:\/\/www.europesays.com\/fr\/wp-json\/wp\/v2\/types\/post"}],"author":[{"embeddable":true,"href":"https:\/\/www.europesays.com\/fr\/wp-json\/wp\/v2\/users\/2"}],"replies":[{"embeddable":true,"href":"https:\/\/www.europesays.com\/fr\/wp-json\/wp\/v2\/comments?post=463338"}],"version-history":[{"count":0,"href":"https:\/\/www.europesays.com\/fr\/wp-json\/wp\/v2\/posts\/463338\/revisions"}],"wp:featuredmedia":[{"embeddable":true,"href":"https:\/\/www.europesays.com\/fr\/wp-json\/wp\/v2\/media\/463339"}],"wp:attachment":[{"href":"https:\/\/www.europesays.com\/fr\/wp-json\/wp\/v2\/media?parent=463338"}],"wp:term":[{"taxonomy":"category","embeddable":true,"href":"https:\/\/www.europesays.com\/fr\/wp-json\/wp\/v2\/categories?post=463338"},{"taxonomy":"post_tag","embeddable":true,"href":"https:\/\/www.europesays.com\/fr\/wp-json\/wp\/v2\/tags?post=463338"}],"curies":[{"name":"wp","href":"https:\/\/api.w.org\/{rel}","templated":true}]}}