{"id":463340,"date":"2025-10-14T21:42:28","date_gmt":"2025-10-14T21:42:28","guid":{"rendered":"https:\/\/www.europesays.com\/fr\/463340\/"},"modified":"2025-10-14T21:42:28","modified_gmt":"2025-10-14T21:42:28","slug":"les-communistes-invitent-au-rassemblement-derriere-johanna-rolland","status":"publish","type":"post","link":"https:\/\/www.europesays.com\/fr\/463340\/","title":{"rendered":"les Communistes invitent au \u00ab\u00a0rassemblement\u00a0\u00bb derri\u00e8re Johanna Rolland"},"content":{"rendered":"<p>            Par<br \/>\n        <strong><br \/>\n            <a href=\"https:\/\/actu.fr\/auteur\/thomas-bernard\" title=\"Consulter tous les articles de Thomas Bernard\" target=\"_blank\" rel=\"noopener\">Thomas Bernard<\/a><br \/>\n        <\/strong><\/p>\n<p>        Publi\u00e9 le<\/p>\n<p>            14 oct. 2025 \u00e0 10h54        <\/p>\n<p>\u00c0 l\u2019heure o\u00f9 chaque force politique nantaise man\u0153uvre avant le scrutin municipal, le parti communiste fran\u00e7ais (PCF) a fait son choix. Ce lundi 13\u00a0octobre 2025, dans un communiqu\u00e9 transmis \u00e0 la r\u00e9daction d\u2019<a href=\"https:\/\/actu.fr\/nantes\/\" target=\"_blank\" rel=\"noopener\">actu Nantes,<\/a> Robin Salecroix et Melissa Helary, ont partag\u00e9 le choix de la section nantaise du PCF.<\/p>\n<p class=\" wall-content\">90\u2009% des partisans de la section nantaise du PCF <strong>ont opt\u00e9 pour le rassemblement autour de Johanna Rolland et de la majorit\u00e9 sortante<\/strong>.<\/p>\n<p>\u00ab\u2009Notre ville a besoin d\u2019espoir et de stabilit\u00e9\u2009\u00bb<\/p>\n<p class=\" wall-content\">Les chefs de file du PCF \u00ab\u2009regrettent le choix affich\u00e9 par LFI\u2009\u00bb <a href=\"https:\/\/actu.fr\/pays-de-la-loire\/nantes_44109\/municipales-2026-a-nantes-lfi-veut-l-union-de-la-gauche-de-rupture-face-a-johanna-rolland_63278746.html\" target=\"_blank\" rel=\"noopener\">qui a r\u00e9cemment fait part de sa volont\u00e9 de rassembler \u00ab\u2009la gauche de rupture\u2009\u00bb<\/a>.\u00a0Le PCF appelle \u00e0 un rassemblement des forces de gauche face au centre et \u00e0 la droite nantaise qui aspirent \u00e0 l\u2019union.<\/p>\n<p class=\" wall-content\">\u00ab\u2009Face aux tenants d\u2019une droite rassembl\u00e9e qui c\u00e8de aux sir\u00e8nes de l\u2019extr\u00eame droite avec <a href=\"https:\/\/actu.fr\/pays-de-la-loire\/nantes_44109\/municipales-2026-a-nantes-foulques-chombart-de-lauwe-promet-une-opposition-tonique-pour-prendre-la-mairie_63101251.html\" target=\"_blank\" rel=\"noopener\">Foulques Chombart\u00a0de\u00a0Lauwe<\/a>, notre ville a besoin d\u2019espoir et de stabilit\u00e9. Avec leurs partenaires de gauche et \u00e9cologistes, les communistes y mettront toute leur \u00e9nergie dans les prochains mois\u2009\u00bb, promet la section nantaise du parti communiste.<\/p>\n<p class=\" wall-content\">Personnalisez votre actualit\u00e9 en ajoutant vos villes et m\u00e9dias en favori avec <a href=\"https:\/\/moncompte.actu.fr\" title=\"D\u00e9couvez Mon Actu\" rel=\"nofollow noopener\" data-trk=\"{&quot;cta&quot;:{&quot;action&quot;:&quot;https:\\\/\\\/moncompte.actu.fr&quot;,&quot;category&quot;:&quot;mon compte&quot;,&quot;from&quot;:&quot;article footer&quot;,&quot;name&quot;:&quot;Mon actu&quot;,&quot;type&quot;:&quot;cta&quot;}}\" target=\"_blank\">Mon Actu<\/a>.<\/p>\n","protected":false},"excerpt":{"rendered":"Par Thomas Bernard Publi\u00e9 le 14 oct. 2025 \u00e0 10h54 \u00c0 l\u2019heure o\u00f9 chaque force politique nantaise man\u0153uvre&hellip;\n","protected":false},"author":2,"featured_media":13323,"comment_status":"","ping_status":"","sticky":false,"template":"","format":"standard","meta":{"footnotes":""},"categories":[2818],"tags":[1111,11,4188,1777,674,1011,27,6945,3434,766,12,5989,2636,316,25],"class_list":{"0":"post-463340","1":"post","2":"type-post","3":"status-publish","4":"format-standard","5":"has-post-thumbnail","7":"category-nantes","8":"tag-actu","9":"tag-actualites","10":"tag-elections-municipales","11":"tag-eu","12":"tag-europe","13":"tag-fr","14":"tag-france","15":"tag-johanna-rolland","16":"tag-municipales-2026","17":"tag-nantes","18":"tag-news","19":"tag-parti-communiste-pcf","20":"tag-pays-de-la-loire","21":"tag-politique","22":"tag-republique-francaise"},"share_on_mastodon":{"url":"https:\/\/pubeurope.com\/@fr\/115374702270896834","error":""},"_links":{"self":[{"href":"https:\/\/www.europesays.com\/fr\/wp-json\/wp\/v2\/posts\/463340","targetHints":{"allow":["GET"]}}],"collection":[{"href":"https:\/\/www.europesays.com\/fr\/wp-json\/wp\/v2\/posts"}],"about":[{"href":"https:\/\/www.europesays.com\/fr\/wp-json\/wp\/v2\/types\/post"}],"author":[{"embeddable":true,"href":"https:\/\/www.europesays.com\/fr\/wp-json\/wp\/v2\/users\/2"}],"replies":[{"embeddable":true,"href":"https:\/\/www.europesays.com\/fr\/wp-json\/wp\/v2\/comments?post=463340"}],"version-history":[{"count":0,"href":"https:\/\/www.europesays.com\/fr\/wp-json\/wp\/v2\/posts\/463340\/revisions"}],"wp:featuredmedia":[{"embeddable":true,"href":"https:\/\/www.europesays.com\/fr\/wp-json\/wp\/v2\/media\/13323"}],"wp:attachment":[{"href":"https:\/\/www.europesays.com\/fr\/wp-json\/wp\/v2\/media?parent=463340"}],"wp:term":[{"taxonomy":"category","embeddable":true,"href":"https:\/\/www.europesays.com\/fr\/wp-json\/wp\/v2\/categories?post=463340"},{"taxonomy":"post_tag","embeddable":true,"href":"https:\/\/www.europesays.com\/fr\/wp-json\/wp\/v2\/tags?post=463340"}],"curies":[{"name":"wp","href":"https:\/\/api.w.org\/{rel}","templated":true}]}}