{"id":463386,"date":"2025-10-14T22:08:11","date_gmt":"2025-10-14T22:08:11","guid":{"rendered":"https:\/\/www.europesays.com\/fr\/463386\/"},"modified":"2025-10-14T22:08:11","modified_gmt":"2025-10-14T22:08:11","slug":"le-pari-reussi-mais-conteste-dolivier-faure-liberation","status":"publish","type":"post","link":"https:\/\/www.europesays.com\/fr\/463386\/","title":{"rendered":"le pari r\u00e9ussi mais contest\u00e9 d\u2019Olivier Faure \u2013 Lib\u00e9ration"},"content":{"rendered":"<p class=\"sc-cPiKLX AiZTS text-element\">Olivier Faure savoure. Lorsque S\u00e9bastien Lecornu prend la parole, \u00e0 15 heures, mardi 14 octobre, le Premier secr\u00e9taire du Parti socialiste (PS) sait que le Premier ministre s\u2019appr\u00eate <a href=\"https:\/\/www.liberation.fr\/politique\/lecornu-propose-la-suspension-complete-de-la-reforme-des-retraites-20251014_J2EK3POT2ZDMHCZO52HSLC7T7U\/\" target=\"_blank\" rel=\"noreferrer noopener\" title=\"https:\/\/www.liberation.fr\/politique\/lecornu-propose-la-suspension-complete-de-la-reforme-des-retraites-20251014_J2EK3POT2ZDMHCZO52HSLC7T7U\/\">\u00e0 annoncer la suspension de la r\u00e9forme des retraites<\/a>. \u00abAucun rel\u00e8vement de l\u2019\u00e2ge n\u2019interviendra \u00e0 partir de maintenant jusqu\u2019\u00e0 janvier 2028\u00bb, pr\u00e9cise-t-il quelques instants plus tard. Le d\u00e9put\u00e9 de Seine-et-Marne, souvent impassible, esquisse un sourire en opinant de la t\u00eate. Accus\u00e9s par les insoumis de participer <a href=\"https:\/\/www.liberation.fr\/politique\/recu-a-matignon-le-ps-sans-certitudes-sur-de-possibles-concessions-20251008_BO5JTG76OZGZNHIQE6GDU6EJWA\/\" target=\"_blank\" rel=\"noreferrer noopener\" title=\"https:\/\/www.liberation.fr\/politique\/recu-a-matignon-le-ps-sans-certitudes-sur-de-possibles-concessions-20251008_BO5JTG76OZGZNHIQE6GDU6EJWA\/\">\u00e0 la \u00abcom\u00e9die\u00bb des discussions avec l\u2019ex\u00e9cutif<\/a>, les socialistes peuvent revendiquer une victoire symbolique, arrach\u00e9e au pr\u00e9sident de la R\u00e9publique. Et \u00e0 la suite de laquelle \u00abnous ne censurerons pas\u00bb, a confirm\u00e9 leur premier secr\u00e9taire Olivier Faure au JT de TF1.  <\/p>\n<p class=\"sc-cPiKLX AiZTS text-element\">\u00abNous n\u2019en demeurons pas moins dans l\u2019oppo <\/p>\n","protected":false},"excerpt":{"rendered":"Olivier Faure savoure. Lorsque S\u00e9bastien Lecornu prend la parole, \u00e0 15 heures, mardi 14 octobre, le Premier secr\u00e9taire&hellip;\n","protected":false},"author":2,"featured_media":463387,"comment_status":"","ping_status":"","sticky":false,"template":"","format":"standard","meta":{"footnotes":""},"categories":[2],"tags":[11,416,1011,27,12,429,11036,25,11067],"class_list":{"0":"post-463386","1":"post","2":"type-post","3":"status-publish","4":"format-standard","5":"has-post-thumbnail","7":"category-actualites","8":"tag-actualites","9":"tag-assemblee-nationale","10":"tag-fr","11":"tag-france","12":"tag-news","13":"tag-ps","14":"tag-reforme-des-retraites","15":"tag-republique-francaise","16":"tag-sebastien-lecornu"},"share_on_mastodon":{"url":"https:\/\/pubeurope.com\/@fr\/115374804460547659","error":""},"_links":{"self":[{"href":"https:\/\/www.europesays.com\/fr\/wp-json\/wp\/v2\/posts\/463386","targetHints":{"allow":["GET"]}}],"collection":[{"href":"https:\/\/www.europesays.com\/fr\/wp-json\/wp\/v2\/posts"}],"about":[{"href":"https:\/\/www.europesays.com\/fr\/wp-json\/wp\/v2\/types\/post"}],"author":[{"embeddable":true,"href":"https:\/\/www.europesays.com\/fr\/wp-json\/wp\/v2\/users\/2"}],"replies":[{"embeddable":true,"href":"https:\/\/www.europesays.com\/fr\/wp-json\/wp\/v2\/comments?post=463386"}],"version-history":[{"count":0,"href":"https:\/\/www.europesays.com\/fr\/wp-json\/wp\/v2\/posts\/463386\/revisions"}],"wp:featuredmedia":[{"embeddable":true,"href":"https:\/\/www.europesays.com\/fr\/wp-json\/wp\/v2\/media\/463387"}],"wp:attachment":[{"href":"https:\/\/www.europesays.com\/fr\/wp-json\/wp\/v2\/media?parent=463386"}],"wp:term":[{"taxonomy":"category","embeddable":true,"href":"https:\/\/www.europesays.com\/fr\/wp-json\/wp\/v2\/categories?post=463386"},{"taxonomy":"post_tag","embeddable":true,"href":"https:\/\/www.europesays.com\/fr\/wp-json\/wp\/v2\/tags?post=463386"}],"curies":[{"name":"wp","href":"https:\/\/api.w.org\/{rel}","templated":true}]}}