{"id":463394,"date":"2025-10-14T22:13:10","date_gmt":"2025-10-14T22:13:10","guid":{"rendered":"https:\/\/www.europesays.com\/fr\/463394\/"},"modified":"2025-10-14T22:13:10","modified_gmt":"2025-10-14T22:13:10","slug":"gael-monfils-annonce-sur-twitch-quil-ne-rejouera-pas-en-2025-lequipe","status":"publish","type":"post","link":"https:\/\/www.europesays.com\/fr\/463394\/","title":{"rendered":"Ga\u00ebl Monfils annonce sur Twitch qu&#039;il ne rejouera pas en 2025 &#8211; L&#039;\u00c9quipe"},"content":{"rendered":"<ol>\n<li><a href=\"https:\/\/news.google.com\/rss\/articles\/CBMirwFBVV95cUxOd0NYNE5uTHFQeWplQWNzZURYLUgya1V4TThGTHMwMnZ2dzMyWGtJRF9NZEh6RHRpVkZ3OVJ3VVM2S2dobGx4Q1lqUXZ2OTF4R2htTTRFaWtmMzlMVjIwSTd5S21jLWlwQlVlNTNYVXpGcXdEbC1SN3pFNXRaTkNoYUwwQnMyajF4dVRlV19oYk1mdUZ0S2FBSW92Wlh2N0d2OWdYVDFnU2JvcExGeDNJ?oc=5\" target=\"_blank\" rel=\"nofollow noopener\">Ga\u00ebl Monfils annonce sur Twitch qu&rsquo;il ne rejouera pas en 2025<\/a>&nbsp;&nbsp;L&rsquo;\u00c9quipe<\/li>\n<li><a href=\"https:\/\/news.google.com\/rss\/articles\/CBMilwFBVV95cUxOVUVTd3dfeWpNVktGX1V0QnJMSTJEN1ljWUkxR3E1Qmd0RGN2Q3RLenhCSlhrczlaUU05Y2NVbUFlUFYwRDM4d2JlOXpEdFlJZVRfNUs0TV95Y0V0bXpJUmR1SmhVbmZPRFFGS1hXT21hd29JOVEzY19IYTZKRG0tbnd5TWdObXVneFFNZXphY0d5VWhNai1B0gGWAUFVX3lxTE9MZ3hvaVlnTktyZkRxbnJsWlJ2Q2VaLVAxMG8tUnlnZUsyeEU3eTRrM0RKSmwtX21Pbk9IVmNqMUNobkhDb3l2bGNYQzlDcXdjc2htbGhWQmVzYVdqUFdDTmk3djJNNkk1R0dYTXFsUFFjRGNKbEtCRHFkUmcxTUFmV3RzLUtXVHBDTU5Ua3NkeVV5QjREdw?oc=5\" target=\"_blank\" rel=\"nofollow noopener\">ATP : Monfils arr\u00eate sa saison<\/a>&nbsp;&nbsp;Orange Actualit\u00e9s | Sports<\/li>\n<li><a href=\"https:\/\/news.google.com\/rss\/articles\/CBMikwJBVV95cUxPX0lUdnhuZ0dZUDh3dExMbndwMlhHVm1lTzJNWllfWVhLaFdBZXNUc0paZHZIa1JSNlhJMmV6X3p0QThQbjdJVW1leHF2ZGx2dFJJanpaWVFNbFUyc1dBV2NJQnl2N2lSWVZPMW9nNm5rUXA2cmxGYVl2RGlqclVWa3dUeDc5TzlDVGV5MnVkYzYyZ2p0YXZmelFWdmlJajJoU01MTjNtVFBiWk9JMjgyR1ZBWmhpcGFUVnlBT3JnTnEwbnQ1RFIxNlN0bDJOby11WnJHdTRQa016QUxCRmgzMnlnSVI0eU9ibG1GNVViMUFHMF9rbW0xUFQxTHFWTTdhRmdfbXVnSXFVUjlCQktBZzVRZw?oc=5\" target=\"_blank\" rel=\"nofollow noopener\">Touch\u00e9 \u00e0 la cheville, Ga\u00ebl Monfils ne rejouera pas avant la saison 2026, sa derni\u00e8re en carri\u00e8re<\/a>&nbsp;&nbsp;Ouest-France<\/li>\n<li><a href=\"https:\/\/news.google.com\/rss\/articles\/CBMigwFBVV95cUxQd1RJSkJmNy1tbmZIRDNYcTJBMExzUGxCcjVfVXdOUEVUeXRJZlFFRHZab3VRcDc1d3libTdjNXFOS09rRHpBa2Utcml2Tmx6am5DblpLQjNEU0tFMHZOX2ZXcjFXZ2dVSDVNX0I4SlZzclFmd3pHVXpfM2tiOXJSb0twOA?oc=5\" target=\"_blank\" rel=\"nofollow noopener\">\u00ab Sa vid\u00e9o est \u00e0 l\u2019image de sa personnalit\u00e9 \u00bb, Pegula \u00e9voque la retraite \u00e0 venir de Monfils<\/a>&nbsp;&nbsp;Tennis Temple<\/li>\n<li><a href=\"https:\/\/news.google.com\/rss\/articles\/CBMivwJBVV95cUxPM0pvV2Nyams1ajlkQlRDNzgyVlRvSTlheHdzN2xZbGhmRFk0YTNseGdtRUh0RUdGejFnY1g5aDZ6dm5uaU5NMnNLckNpWW1kX0Y0QW40T3BJZFl2UWhSbEZLYVFzSXpRRUpOR0lLSWhyT0gtQTd1Q29KR3A5b3pPcUR6WERvT1BuQWF0VEsyd0tXUHFvMFNWMU00eFFLQloyMzJFMnhtbmNUVHBHaWRBbGl2R3JkTTV5WWRvcHJzeUpHdXRnSTkxSHRCalprMG1jR0pEbWwwZS1ud29DdFVUdXpFcDFpa0ZsYXBTWmdURWpnbHZ6eGs0dENUZmFCT3F5Q0l6TmIyRTFqdlZsQnpnTVVJSFlsc0lGNVo3Tjg4aU02S040eXVtTDZFTlpTb25zcFFMZHpUaWpNYnk0cFhB?oc=5\" target=\"_blank\" rel=\"nofollow noopener\">ATP, France &gt; Jean-Ren\u00e9 Lisnard regrette d\u00e9j\u00e0 Monfils : \u00ab\u00a0Ga\u00ebl fait le spectacle mais ce n&rsquo;est pas du fake comme certains. Aujourd&rsquo;hui, il n&rsquo;y a pas d&rsquo;\u00e9quivalent mais Carlos Alcaraz dans un autre registre d\u00e9gage aussi quelque chose d&rsquo;unique\u00a0\u00bb<\/a>&nbsp;&nbsp;We Love Tennis<\/li>\n<\/ol>\n","protected":false},"excerpt":{"rendered":"Ga\u00ebl Monfils annonce sur Twitch qu&rsquo;il ne rejouera pas en 2025&nbsp;&nbsp;L&rsquo;\u00c9quipe ATP : Monfils arr\u00eate sa saison&nbsp;&nbsp;Orange Actualit\u00e9s&hellip;\n","protected":false},"author":2,"featured_media":463395,"comment_status":"","ping_status":"","sticky":false,"template":"","format":"standard","meta":{"footnotes":""},"categories":[1415],"tags":[1011,27,60,1467],"class_list":{"0":"post-463394","1":"post","2":"type-post","3":"status-publish","4":"format-standard","5":"has-post-thumbnail","7":"category-tennis","8":"tag-fr","9":"tag-france","10":"tag-sports","11":"tag-tennis"},"share_on_mastodon":{"url":"https:\/\/pubeurope.com\/@fr\/115374823987735307","error":""},"_links":{"self":[{"href":"https:\/\/www.europesays.com\/fr\/wp-json\/wp\/v2\/posts\/463394","targetHints":{"allow":["GET"]}}],"collection":[{"href":"https:\/\/www.europesays.com\/fr\/wp-json\/wp\/v2\/posts"}],"about":[{"href":"https:\/\/www.europesays.com\/fr\/wp-json\/wp\/v2\/types\/post"}],"author":[{"embeddable":true,"href":"https:\/\/www.europesays.com\/fr\/wp-json\/wp\/v2\/users\/2"}],"replies":[{"embeddable":true,"href":"https:\/\/www.europesays.com\/fr\/wp-json\/wp\/v2\/comments?post=463394"}],"version-history":[{"count":0,"href":"https:\/\/www.europesays.com\/fr\/wp-json\/wp\/v2\/posts\/463394\/revisions"}],"wp:featuredmedia":[{"embeddable":true,"href":"https:\/\/www.europesays.com\/fr\/wp-json\/wp\/v2\/media\/463395"}],"wp:attachment":[{"href":"https:\/\/www.europesays.com\/fr\/wp-json\/wp\/v2\/media?parent=463394"}],"wp:term":[{"taxonomy":"category","embeddable":true,"href":"https:\/\/www.europesays.com\/fr\/wp-json\/wp\/v2\/categories?post=463394"},{"taxonomy":"post_tag","embeddable":true,"href":"https:\/\/www.europesays.com\/fr\/wp-json\/wp\/v2\/tags?post=463394"}],"curies":[{"name":"wp","href":"https:\/\/api.w.org\/{rel}","templated":true}]}}