{"id":463408,"date":"2025-10-14T22:21:11","date_gmt":"2025-10-14T22:21:11","guid":{"rendered":"https:\/\/www.europesays.com\/fr\/463408\/"},"modified":"2025-10-14T22:21:11","modified_gmt":"2025-10-14T22:21:11","slug":"nielseniq-bookdata-et-gleeph-sassocient-pour-predire-les-ventes","status":"publish","type":"post","link":"https:\/\/www.europesays.com\/fr\/463408\/","title":{"rendered":"NielsenIQ BookData et Gleeph s&rsquo;associent pour pr\u00e9dire les ventes"},"content":{"rendered":"<p>NielsenIQ BookData, fournisseur de donn\u00e9es de ventes internationales et de m\u00e9tadonn\u00e9es bibliographiques, et Gleeph, la plateforme fran\u00e7aise de recommandation de livres, lancent un partenariat pour construire un mod\u00e8le pr\u00e9dictif des ventes de livres, selon un communiqu\u00e9 commun des deux entreprises. Le projet combinera les donn\u00e9es de ventes de BookData aux analyses comportementales et espaces latents propri\u00e9taires de Gleeph.<\/p>\n<p><strong>Analyse de sensibilit\u00e9<\/strong><\/p>\n<p>La premi\u00e8re phase, d&rsquo;octobre \u00e0 d\u00e9cembre\u00a02025, consistera en une \u00e9tude exploratoire pour identifier les param\u00e8tres significatifs\u00a0: m\u00e9tadonn\u00e9es des livres, saisonnalit\u00e9, variables marketing et signaux issus des espaces latents de Gleeph. Une analyse de sensibilit\u00e9 \u00e9valuera l&rsquo;impact relatif de chaque variable sur les ventes historiques.<\/p>\n<p>La deuxi\u00e8me phase, programm\u00e9e pour 2026, d\u00e9veloppera plusieurs mod\u00e8les pr\u00e9dictifs alternatifs. Ces mod\u00e8les seront test\u00e9s et compar\u00e9s sur des donn\u00e9es r\u00e9elles pour s\u00e9lectionner le plus fiable. L&rsquo;outil vise \u00e0 orienter les d\u00e9cisions des \u00e9diteurs, libraires et plateformes num\u00e9riques en mati\u00e8re de choix de catalogue, d&rsquo;investissements marketing et de planification des stocks.<\/p>\n<p><strong>Pr\u00e8s d&rsquo;un million de lecteurs et 53\u00a0millions de titres<\/strong><\/p>\n<p>Gleeph exploite les donn\u00e9es d&rsquo;usage de sa communaut\u00e9 de 970\u00a0000 lecteurs via son moteur de recommandation \u00ab\u00a0Fahrenheit\u00a0\u00bb, adopt\u00e9 par les grands \u00e9diteurs, les librairies ind\u00e9pendantes et les plateformes en ligne. BookData dispose d&rsquo;une base de plus de 53\u00a0millions de r\u00e9f\u00e9rences de livres et collecte des donn\u00e9es de ventes au d\u00e9tail dans 17 territoires.<\/p>\n<p>\u00ab\u00a0En combinant nos donn\u00e9es de ventes aux signaux d&rsquo;usage de Gleeph, nous visons \u00e0 fournir un outil d&rsquo;aide \u00e0 la d\u00e9cision distinctif pour l&rsquo;industrie du livre\u00a0\u00bb, indique dans un communiqu\u00e9 <strong>Andre Breedt<\/strong>, directeur g\u00e9n\u00e9ral de BookData. <strong>Guillaume Debaig<\/strong>, pr\u00e9sident de Gleeph, \u00e9voque une \u00ab\u00a0fusion de la puissance des donn\u00e9es de BookData avec l&rsquo;intelligence comportementale de Gleeph\u00a0\u00bb. Le mod\u00e8le se concentrera initialement sur le march\u00e9 fran\u00e7ais, avant une \u00e9ventuelle extension \u00e0 l\u2019international.<\/p>\n","protected":false},"excerpt":{"rendered":"NielsenIQ BookData, fournisseur de donn\u00e9es de ventes internationales et de m\u00e9tadonn\u00e9es bibliographiques, et Gleeph, la plateforme fran\u00e7aise de&hellip;\n","protected":false},"author":2,"featured_media":463409,"comment_status":"","ping_status":"","sticky":false,"template":"","format":"standard","meta":{"footnotes":""},"categories":[1357],"tags":[1379,58,59,1011,27,1380],"class_list":{"0":"post-463408","1":"post","2":"type-post","3":"status-publish","4":"format-standard","5":"has-post-thumbnail","7":"category-livres","8":"tag-books","9":"tag-divertissement","10":"tag-entertainment","11":"tag-fr","12":"tag-france","13":"tag-livres"},"share_on_mastodon":{"url":"https:\/\/pubeurope.com\/@fr\/115374855673119634","error":""},"_links":{"self":[{"href":"https:\/\/www.europesays.com\/fr\/wp-json\/wp\/v2\/posts\/463408","targetHints":{"allow":["GET"]}}],"collection":[{"href":"https:\/\/www.europesays.com\/fr\/wp-json\/wp\/v2\/posts"}],"about":[{"href":"https:\/\/www.europesays.com\/fr\/wp-json\/wp\/v2\/types\/post"}],"author":[{"embeddable":true,"href":"https:\/\/www.europesays.com\/fr\/wp-json\/wp\/v2\/users\/2"}],"replies":[{"embeddable":true,"href":"https:\/\/www.europesays.com\/fr\/wp-json\/wp\/v2\/comments?post=463408"}],"version-history":[{"count":0,"href":"https:\/\/www.europesays.com\/fr\/wp-json\/wp\/v2\/posts\/463408\/revisions"}],"wp:featuredmedia":[{"embeddable":true,"href":"https:\/\/www.europesays.com\/fr\/wp-json\/wp\/v2\/media\/463409"}],"wp:attachment":[{"href":"https:\/\/www.europesays.com\/fr\/wp-json\/wp\/v2\/media?parent=463408"}],"wp:term":[{"taxonomy":"category","embeddable":true,"href":"https:\/\/www.europesays.com\/fr\/wp-json\/wp\/v2\/categories?post=463408"},{"taxonomy":"post_tag","embeddable":true,"href":"https:\/\/www.europesays.com\/fr\/wp-json\/wp\/v2\/tags?post=463408"}],"curies":[{"name":"wp","href":"https:\/\/api.w.org\/{rel}","templated":true}]}}