{"id":463416,"date":"2025-10-14T22:25:21","date_gmt":"2025-10-14T22:25:21","guid":{"rendered":"https:\/\/www.europesays.com\/fr\/463416\/"},"modified":"2025-10-14T22:25:21","modified_gmt":"2025-10-14T22:25:21","slug":"braincast-16-lattention-en-alerte-avec-yann-le-strat","status":"publish","type":"post","link":"https:\/\/www.europesays.com\/fr\/463416\/","title":{"rendered":"Braincast #16 : L\u2019attention en alerte, avec Yann Le Strat"},"content":{"rendered":"<\/p>\n<p>Un enfant qui n\u2019\u00e9coute rien en classe, a la t\u00eate dans les nuages, ne cesse de bavarder avec ses camarades et de se balancer sur sa chaise, et fait vivre un enfer \u00e0 ses parents. Voil\u00e0, pour beaucoup, ce qu\u2019\u00e9voque le \u00ab trouble du d\u00e9ficit de l\u2019attention avec ou sans hyperactivit\u00e9 \u00bb, ou TDAH. Et pourtant, ce n&rsquo;est qu\u2019une partie de la r\u00e9alit\u00e9. Dans pr\u00e8s de la moiti\u00e9 des cas, le trouble perdure \u00e0 l\u2019\u00e2ge adulte et se manifeste certes par des difficult\u00e9s d\u2019attention, de l\u2019impulsivit\u00e9, de la distractibilit\u00e9. Mais, l\u2019hyperactivit\u00e9 elle, devient davantage canalis\u00e9e ou masqu\u00e9e par les normes sociales. Gr\u00e2ce au psychiatre Yann Le Strat, cet \u00e9pisode vient corriger les fausses conceptions sur le TDAH, son fonctionnement et ses possibles prises en charge.<\/p>\n<p>    Braincast, le podcast de Cerveau &amp; Psycho<\/p>\n<p>Braincast, le podcast du magazine\u00a0Cerveau &amp; Psycho, est le rendez-vous incontournable avec les hommes et les femmes qui explorent notre organe le plus pr\u00e9cieux : notre cerveau. Neuroscientifiques, psychologues, psychiatres, anthropologues\u00a0se relaient pour \u00e9voquer leur parcours et faire part de leurs d\u00e9couvertes sur des th\u00e8mes qui vous pr\u00e9occupent : \u00e9motions, m\u00e9moire, attention, trauma, troubles psychiques\u2026\u00a0 Dans chaque \u00e9pisode, une rencontre privil\u00e9gi\u00e9e\u00a0avec des professionnels \u00e0 la pointe de leur discipline, sur un mode simple, clair et accessible. Un moment pour comprendre le cerveau autrement, et d\u00e9couvrir ce qui se cache dans leur t\u00eate\u2026 et dans la v\u00f4tre !<\/p>\n<p><strong>Retrouvez Braincast sur toutes les plateformes :\u00a0<\/strong><a href=\"https:\/\/open.spotify.com\/show\/1HATDZAhdsNmgRVQbrEzyl\" target=\"_blank\" rel=\"noopener\">Spotify<\/a>\u00a0\/\u00a0<a href=\"https:\/\/www.deezer.com\/show\/702682\" target=\"_blank\" rel=\"noopener\">Deezer<\/a>\u00a0\/\u00a0<a href=\"https:\/\/podcasts.apple.com\/fr\/podcast\/braincast-la-voix-des-neurones\/id1489940775\" target=\"_blank\" rel=\"noopener\">Apple Podcast<\/a>\u00a0\/\u00a0<a href=\"https:\/\/www.youtube.com\/playlist?list=PLfnIipulEmzgjQ1qddqPJjOeGCtO06qDe\" target=\"_blank\" rel=\"noopener\">Youtube<\/a><\/p>\n","protected":false},"excerpt":{"rendered":"Un enfant qui n\u2019\u00e9coute rien en classe, a la t\u00eate dans les nuages, ne cesse de bavarder avec&hellip;\n","protected":false},"author":2,"featured_media":463417,"comment_status":"","ping_status":"","sticky":false,"template":"","format":"standard","meta":{"footnotes":""},"categories":[10],"tags":[1011,27,72,71,1256,58751],"class_list":{"0":"post-463416","1":"post","2":"type-post","3":"status-publish","4":"format-standard","5":"has-post-thumbnail","7":"category-sante","8":"tag-fr","9":"tag-france","10":"tag-health","11":"tag-sante","12":"tag-tdah","13":"tag-trouble-deficitaire-de-l"},"share_on_mastodon":{"url":"https:\/\/pubeurope.com\/@fr\/115374872004590441","error":""},"_links":{"self":[{"href":"https:\/\/www.europesays.com\/fr\/wp-json\/wp\/v2\/posts\/463416","targetHints":{"allow":["GET"]}}],"collection":[{"href":"https:\/\/www.europesays.com\/fr\/wp-json\/wp\/v2\/posts"}],"about":[{"href":"https:\/\/www.europesays.com\/fr\/wp-json\/wp\/v2\/types\/post"}],"author":[{"embeddable":true,"href":"https:\/\/www.europesays.com\/fr\/wp-json\/wp\/v2\/users\/2"}],"replies":[{"embeddable":true,"href":"https:\/\/www.europesays.com\/fr\/wp-json\/wp\/v2\/comments?post=463416"}],"version-history":[{"count":0,"href":"https:\/\/www.europesays.com\/fr\/wp-json\/wp\/v2\/posts\/463416\/revisions"}],"wp:featuredmedia":[{"embeddable":true,"href":"https:\/\/www.europesays.com\/fr\/wp-json\/wp\/v2\/media\/463417"}],"wp:attachment":[{"href":"https:\/\/www.europesays.com\/fr\/wp-json\/wp\/v2\/media?parent=463416"}],"wp:term":[{"taxonomy":"category","embeddable":true,"href":"https:\/\/www.europesays.com\/fr\/wp-json\/wp\/v2\/categories?post=463416"},{"taxonomy":"post_tag","embeddable":true,"href":"https:\/\/www.europesays.com\/fr\/wp-json\/wp\/v2\/tags?post=463416"}],"curies":[{"name":"wp","href":"https:\/\/api.w.org\/{rel}","templated":true}]}}