{"id":463444,"date":"2025-10-14T22:39:20","date_gmt":"2025-10-14T22:39:20","guid":{"rendered":"https:\/\/www.europesays.com\/fr\/463444\/"},"modified":"2025-10-14T22:39:20","modified_gmt":"2025-10-14T22:39:20","slug":"le-soldat-isabelle-perrein-et-ses-soutiens-contre-le-diable-lfi","status":"publish","type":"post","link":"https:\/\/www.europesays.com\/fr\/463444\/","title":{"rendered":"le \u00ab\u00a0soldat\u00a0\u00bb Isabelle Perrein et ses soutiens contre \u00ab\u00a0le diable\u00a0\u00bb LFI"},"content":{"rendered":"<p>            Par<br \/>\n        <strong><br \/>\n            <a href=\"https:\/\/actu.fr\/auteur\/c-nithard\" title=\"Consulter tous les articles de C\u00e9dric Nithard\" rel=\"nofollow noopener\" target=\"_blank\">C\u00e9dric Nithard<\/a><br \/>\n        <\/strong><\/p>\n<p>        Publi\u00e9 le<\/p>\n<p>            14 oct. 2025 \u00e0 16h29        <\/p>\n<p>Ce lundi 13 octobre, <strong>Isabelle Perrein<\/strong> a pr\u00e9sent\u00e9 <strong>son comit\u00e9 de soutien<\/strong> lors d\u2019une conf\u00e9rence de presse qui a surtout \u00e9t\u00e9 l\u2019occasion pour <strong>la candidate aux municipales \u00e0 Montpellier<\/strong> de s\u2019\u00e9riger en \u00ab\u00a0dernier rempart\u00a0\u00bb et de cibler tout particuli\u00e8rement \u00ab\u00a0le diable\u00a0\u00bb, \u00e0 savoir La France Insoumise, et ceux qui ont d\u00e9j\u00e0 \u00ab\u00a0pactis\u00e9\u00a0\u00bb avec. <strong>La t\u00eate de liste du mouvement Aimer Montpellier<\/strong> sort la sulfateuse pour affirmer d\u2019autant plus <strong>son ind\u00e9pendance<\/strong>. De <a href=\"https:\/\/actu.fr\/occitanie\/montpellier_34172\/montpellier-isabelle-perrein-une-coureuse-de-fond-prete-pour-les-municipales_62468936.html\" rel=\"nofollow noopener\" target=\"_blank\">\u00ab\u00a0la coureuse de fond\u00a0\u00bb<\/a> au <a href=\"https:\/\/actu.fr\/occitanie\/montpellier_34172\/montpellier-je-suis-un-roc-isabelle-perrein-devoile-son-programme-pour-les-municipales_62849945.html\" rel=\"nofollow noopener\" target=\"_blank\">\u00ab\u00a0roc\u00a0\u00bb<\/a> , place d\u00e9sormais au <strong>\u00ab\u00a0soldat\u00a0\u00bb<\/strong> Isabelle Perrein.<\/p>\n<p>\u00ab\u00a0Je suis la seule \u00e0 n\u2019avoir jamais pactis\u00e9 avec le diable\u00a0\u00bb<\/p>\n<p class=\" wall-content\">Si Isabelle Perrein n\u2019avait jusque-l\u00e0 pas fait myst\u00e8re de ses manques d\u2019affinit\u00e9 avec La France Insoumise, ils auraient \u00e9t\u00e9 confort\u00e9s par ses rencontres avec les Montpelli\u00e9rains. \u00ab\u00a0Dans chaque quartier, on me dit la m\u00eame chose avec col\u00e8re et inqui\u00e9tude. Ils refusent de voir Montpellier tomber aux mains de La France Insoumise. Je les comprends\u00a0\u00bb.\u00a0 S\u2019\u00e9rigeant comme \u00ab\u00a0le dernier rempart face \u00e0 ceux qui veulent pi\u00e9tiner les valeurs de notre R\u00e9publique\u00a0\u00bb, la notaire affirme d\u2019autant plus son ind\u00e9pendance : \u00ab\u00a0Je suis la seule \u00e0 n\u2019avoir jamais pactis\u00e9 avec le diable, la seule \u00e0 n\u2019avoir jamais trahi\u00a0\u00bb. Le \u00ab\u00a0diable\u00a0\u00bb en question \u00e9tant LFI coupable \u00ab\u00a0d\u2019avoir quitt\u00e9 l\u2019arc r\u00e9publicain. Elle crache sur nos institutions, elle rejette la la\u00efcit\u00e9, elle attise les divisions. LFI c\u2019est le chaos, c\u2019est l\u2019ennemi de la R\u00e9publique\u00a0\u00bb. Tandis que dans cette phase des municipales les discussions se d\u00e9roulent en coulisse entre les partis et mouvements, Isabelle Perrein pr\u00e9vient : \u00ab\u00a0Je ne ferai jamais alliance avec l\u2019ennemi\u00a0\u00bb.<\/p>\n<p class=\" wall-content\">Une affirmation pour mieux sortir la sulfateuse en arrosant le paysage politique local coupable, eux, d\u2019avoir \u00ab\u00a0pactis\u00e9 avec le diable\u00a0\u00bb. <a href=\"https:\/\/actu.fr\/occitanie\/montpellier_34172\/montpellier-prete-a-toutes-les-echeances-nathalie-oziol-lance-la-campagne-municipale-de-lfi_63289257.html\" rel=\"nofollow noopener\" target=\"_blank\">D\u2019abord sa candidate Nathalie Oziol<\/a> qui \u00ab\u00a0incarne cette id\u00e9ologie sectaire\u00a0\u00bb, puis, bien que cibl\u00e9 par LFI, le maire socialiste Micha\u00ebl Delafosse n\u2019est pas \u00e9pargn\u00e9 pour \u00ab\u00a0\u00eatre soumis \u00e0 son parti et avoir tract\u00e9 pour eux sans aucune honte\u00a0\u00bb en faisant r\u00e9f\u00e9rence aux derni\u00e8res l\u00e9gislatives. Et m\u00eame Mohed Altrad qui \u00ab\u00a0sur les conseils de <a href=\"https:\/\/actu.fr\/occitanie\/montpellier_34172\/municipales-serge-martin-defenseur-d-une-democratie-active-a-montpellier_63223523.html\" rel=\"nofollow noopener\" target=\"_blank\">Serge Martin<\/a> a ouvert <a href=\"https:\/\/actu.fr\/occitanie\/montpellier_34172\/municipales-montpellier-mohed-altrad-en-manager-d-un-attelage-detonant_34043283.html\" rel=\"nofollow noopener\" target=\"_blank\">les portes du conseil municipal \u00e0 Nous Sommes soutenu par LFI<\/a>\u00a0\u00bb et enfin <a href=\"https:\/\/actu.fr\/occitanie\/montpellier_34172\/montpellier-les-ecologistes-partiront-aux-municipales-sans-michael-delafosse-et-le-parti-socialiste_62817815.html\" rel=\"nofollow noopener\" target=\"_blank\">l\u2019\u00e9cologiste Jean-Louis Roum\u00e9gas<\/a> qui \u00ab\u00a0a d\u00e9j\u00e0 des Insoumis dans ses rangs et est pr\u00eat \u00e0 toutes les compromissions pour gagner, m\u00eame vendre son \u00e2me au diable\u00a0\u00bb. Autant de candidats, ou potentiels, qui pour Isabelle Perrein ont \u00ab\u00a0soutenu ou soutiennent encore une id\u00e9ologie mortif\u00e8re, une id\u00e9ologie qui r\u00eave d\u2019en finir avec notre mod\u00e8le r\u00e9publicain, qui fracture la soci\u00e9t\u00e9, qui flatte les extr\u00eames, qui cultive la haine plut\u00f4t que l\u2019unit\u00e9\u00a0\u00bb.<\/p>\n<p>\u00ab\u00a0je refuse que l\u2019on me colle une \u00e9tiquette partisane\u00a0\u00bb<\/p>\n<p class=\" wall-content\">Estimant que \u00ab\u00a0LFI veut faire de Montpellier un laboratoire du d\u00e9sordre\u00a0\u00bb, Isabelle Perrein oppose vouloir, elle, \u00ab\u00a0en faire un exemple de la R\u00e9publique\u00a0\u00bb et attaque particuli\u00e8rement Nathalie Oziol et Jean-Louis Roum\u00e9gas qui \u00ab\u00a0s\u2019adressent aux Montpelli\u00e9rains issus de l\u2019immigration pour les enfermer dans une case, pour les stigmatiser, les r\u00e9duire \u00e0 leur religion, les instrumentaliser\u00a0\u00bb en affirmant que \u00ab\u00a0ce communautarisme me r\u00e9volte, cette vision de la France me fait honte. Les Montpelli\u00e9rains doivent savoir, ouvrir les yeux et refuser les faux-semblants\u00a0\u00bb. En vue des 15 et 22 mars, elle exhorte donc : \u00ab\u00a0Montpellier ne doit pas c\u00e9der \u00e0 la peur du diable, ne doit pas se contenter de voter contre. Montpellier ne doit pas choisir entre le cynisme et l\u2019extr\u00e9misme, entre la peste et le chol\u00e9ra. Montpellier m\u00e9rite mieux\u00a0\u00bb. Un mieux qui passerait par \u00ab\u00a0le courage de faire un vrai choix, le seul choix libre, sinc\u00e8re et r\u00e9publicain. Les Montpelli\u00e9rains doivent avoir le courage de faire ce choix, le courage de voter pour plut\u00f4t que contre par peur du diable\u00a0\u00bb.<\/p>\n<p class=\" wall-content\"><a href=\"https:\/\/actu.fr\/occitanie\/montpellier_34172\/municipales-isabelle-perrein-seduit-le-modem-en-esperant-faire-de-meme-avec-les-commercants_63260638.html\" rel=\"nofollow noopener\" target=\"_blank\">Apr\u00e8s avoir obtenu le soutien du MoDem34 r\u00e9cemment<\/a> et en esp\u00e9rant rassembler le centre et la droite derri\u00e8re elle, Isabelle Perrein mart\u00e8le son positionnement : \u00ab\u00a0Je suis la seule candidate ind\u00e9pendante, la seule \u00e0 n\u2019\u00eatre tenue par aucun parti, aucun appareil, aucune arri\u00e8re-pens\u00e9e. Je suis libre et je compte le rester\u00a0\u00bb. Une affirmation coupl\u00e9e \u00e0 un avertissement : \u00ab\u00a0Je le dis avec force, je refuse que l\u2019on me colle une \u00e9tiquette partisane. Je ne suis pas une variable d\u2019un sondage, je suis une candidate libre. Toute tentative de me rattacher \u00e0 un parti serait mensong\u00e8re, manipulatoire et contraire \u00e0 l\u2019\u00e9thique d\u00e9mocratique\u00a0\u00bb.<\/p>\n<p>Vid\u00e9os : en ce moment sur ActuUn comit\u00e9 de soutien<\/p>\n<p class=\" wall-content\">Si elle refuse les \u00e9tiquettes, la candidate ne ferme pas les bras \u00e0 des soutiens de tous bords. \u00ab\u00a0Ce qui compte chez nous, ce n\u2019est pas d\u2019o\u00f9 l\u2019on vient, c\u2019est ce que l\u2019on veut b\u00e2tir ensemble, tous unis\u00a0\u00bb souligne Isabelle Perrein. Apr\u00e8s l\u2019association Alerte Montpellier, le mouvement Aimer Montpellier poursuit ainsi sa construction avec un comit\u00e9 de soutien pr\u00e9sid\u00e9 par Marie Francalanci (ancienne chef d\u2019entreprise, 1\u00e8re femme pr\u00e9sidente du syndicat des photographes professionnelles, ancienne \u00e9lue \u00e0 la CCI et \u00e0 la Chambre des M\u00e9tiers, Ma\u00eetre-artisan), \u00e9paul\u00e9e par Brigitte Roussel-Galiana (ancienne fleuriste, meilleur ouvrier de France en fleuristerie naturelle, Madame commerce de France et prix d\u2019excellence de la chambre des m\u00e9tiers, ancienne adjointe aux commerces de la Ville de Montpellier).<\/p>\n<p>    <img   decoding=\"async\" loading=\"lazy\" src=\"https:\/\/www.europesays.com\/fr\/wp-content\/uploads\/2025\/10\/comite-de-soutien-isabelle-perrein-municipales-montpellier-960x640.jpg\" alt=\"Un comit\u00e9 de soutien dont les personnalit\u00e9s ont apport\u00e9 leurs comp\u00e9tences et expertises pour la construction du programme d'Isabelle Perrein.\" width=\"960\" height=\"640\"\/><br \/>\n    Un comit\u00e9 de soutien dont les personnalit\u00e9s ont apport\u00e9 leurs comp\u00e9tences et expertises pour la construction du programme d\u2019Isabelle Perrein. (\u00a9CN \/ M\u00e9tropolitain)<\/p>\n<p>Votre r\u00e9gion, votre actu !<\/p>\n<p>Recevez chaque jour les infos qui comptent pour vous.<\/p>\n<p>\t<a href=\"https:\/\/actu.fr\/newsletter\" class=\"ac-btn ac-btn--corner ac-btn--medium ac-btn--blue800\" rel=\"nofollow noopener\" target=\"_blank\">S&rsquo;incrire<\/a><\/p>\n<p class=\" wall-content\">On y retrouve \u00e9galement Ir\u00e8ne Tolleret (viticultrice, ancienne maire de Fontan\u00e8s et vice-pr\u00e9sidente de la communaut\u00e9 de communes du Grand Pic Saint-Loup puis eurod\u00e9put\u00e9e sur la liste de la majorit\u00e9 pr\u00e9sidentielle, mandat qu\u2019elle a choisi de ne pas d\u00e9fendre en 2024 pour rejoindre le MoDem afin de d\u00e9fendre les sujets agricoles, de ruralit\u00e9 et d\u2019alimentation) ou encore Abdel Ameur (fils de harkis et ancien pr\u00e9sident des anciens combattants harkis, chef d\u2019entreprise \u00e0 la t\u00eate d\u2019une agence immobili\u00e8re et d\u2019un syndic de copropri\u00e9t\u00e9s, ancien pr\u00e9sident du COBATY Montpellier M\u00e9diterran\u00e9e).<\/p>\n<p class=\" wall-content\">Absents ce jour, figurent aussi Claude Brugues (b\u00e2tonnier et vice-pr\u00e9sident de la conf\u00e9rence des b\u00e2tonniers), Bernard Traviers (ancien vice-pr\u00e9sident de la m\u00e9tropole \u00e0 la culture, magistrat honoraire, professeur de la facult\u00e9 de droit), J\u00e9r\u00f4me Jeanjean (avocat, d\u00e9l\u00e9gu\u00e9 du comit\u00e9 des R\u00e9publicains pour la 1\u00e8re circonscription de l\u2019H\u00e9rault, conseiller municipal de Palavas-les-Flots) et Patricia Carolus-Daniel (pr\u00e9sidente du MoDem H\u00e9rault, conseill\u00e8re municipale de La Grande-Motte).<\/p>\n<p>\u00ab\u00a0Je suis un vrai soldat\u00a0\u00bb<\/p>\n<p class=\" wall-content\">Des soutiens qui ont chacun apport\u00e9 leurs comp\u00e9tences et expertises dans la construction du programme d\u2019Aimer Montpellier. \u00ab\u00a0Ce sont des femmes et des hommes de conviction, aux parcours exemplaires, qui incarnent les valeurs que je d\u00e9fends : le courage, l\u2019ind\u00e9pendance, l\u2019humanisme et la fid\u00e9lit\u00e9 \u00e0 la R\u00e9publique\u00a0\u00bb loue Isabelle Perrein.<\/p>\n<p class=\" wall-content\">Face \u00e0 une gauche fractur\u00e9e, la candidate clame toute sa d\u00e9termination \u00e0 six mois de l\u2019\u00e9ch\u00e9ance. \u00ab\u00a0Je suis un vrai soldat et je ne compte rien l\u00e2cher. Ce que veulent les Montpelli\u00e9rains aujourd\u2019hui c\u2019est du bon sens et de l\u2019\u00e9coute, de la justice sociale et je compte bien mener ce combat pour la ville et ses habitants\u00a0\u00bb. Un \u00ab\u00a0soldat\u00a0\u00bb avec un adversaire d\u00e9sign\u00e9 : \u00ab\u00a0le diable\u00a0\u00bb LFI. Pas s\u00fbr que ces derniers, et les autres susmentionn\u00e9s, affair\u00e9s \u00e0 d\u2019autres combats et ne voyant certainement pas de danger \u00e0 ces attaques venues pour une fois d\u2019un autre bord que le leur, n\u2019y pr\u00eatent attention\u2026 Peut-\u00eatre plus dans quelques mois.<\/p>\n<p class=\" wall-content\">Personnalisez votre actualit\u00e9 en ajoutant vos villes et m\u00e9dias en favori avec <a href=\"https:\/\/moncompte.actu.fr\" title=\"D\u00e9couvez Mon Actu\" rel=\"nofollow noopener\" data-trk=\"{&quot;cta&quot;:{&quot;action&quot;:&quot;https:\\\/\\\/moncompte.actu.fr&quot;,&quot;category&quot;:&quot;mon compte&quot;,&quot;from&quot;:&quot;article footer&quot;,&quot;name&quot;:&quot;Mon actu&quot;,&quot;type&quot;:&quot;cta&quot;}}\" target=\"_blank\">Mon Actu<\/a>.<\/p>\n","protected":false},"excerpt":{"rendered":"Par C\u00e9dric Nithard Publi\u00e9 le 14 oct. 2025 \u00e0 16h29 Ce lundi 13 octobre, Isabelle Perrein a pr\u00e9sent\u00e9&hellip;\n","protected":false},"author":2,"featured_media":463445,"comment_status":"","ping_status":"","sticky":false,"template":"","format":"standard","meta":{"footnotes":""},"categories":[9599],"tags":[1111,11,4188,1777,674,1011,27,2208,12,2680,316,25],"class_list":{"0":"post-463444","1":"post","2":"type-post","3":"status-publish","4":"format-standard","5":"has-post-thumbnail","7":"category-montpellier","8":"tag-actu","9":"tag-actualites","10":"tag-elections-municipales","11":"tag-eu","12":"tag-europe","13":"tag-fr","14":"tag-france","15":"tag-montpellier","16":"tag-news","17":"tag-occitanie","18":"tag-politique","19":"tag-republique-francaise"},"share_on_mastodon":{"url":"https:\/\/pubeurope.com\/@fr\/115374926990388419","error":""},"_links":{"self":[{"href":"https:\/\/www.europesays.com\/fr\/wp-json\/wp\/v2\/posts\/463444","targetHints":{"allow":["GET"]}}],"collection":[{"href":"https:\/\/www.europesays.com\/fr\/wp-json\/wp\/v2\/posts"}],"about":[{"href":"https:\/\/www.europesays.com\/fr\/wp-json\/wp\/v2\/types\/post"}],"author":[{"embeddable":true,"href":"https:\/\/www.europesays.com\/fr\/wp-json\/wp\/v2\/users\/2"}],"replies":[{"embeddable":true,"href":"https:\/\/www.europesays.com\/fr\/wp-json\/wp\/v2\/comments?post=463444"}],"version-history":[{"count":0,"href":"https:\/\/www.europesays.com\/fr\/wp-json\/wp\/v2\/posts\/463444\/revisions"}],"wp:featuredmedia":[{"embeddable":true,"href":"https:\/\/www.europesays.com\/fr\/wp-json\/wp\/v2\/media\/463445"}],"wp:attachment":[{"href":"https:\/\/www.europesays.com\/fr\/wp-json\/wp\/v2\/media?parent=463444"}],"wp:term":[{"taxonomy":"category","embeddable":true,"href":"https:\/\/www.europesays.com\/fr\/wp-json\/wp\/v2\/categories?post=463444"},{"taxonomy":"post_tag","embeddable":true,"href":"https:\/\/www.europesays.com\/fr\/wp-json\/wp\/v2\/tags?post=463444"}],"curies":[{"name":"wp","href":"https:\/\/api.w.org\/{rel}","templated":true}]}}