{"id":463457,"date":"2025-10-14T22:47:16","date_gmt":"2025-10-14T22:47:16","guid":{"rendered":"https:\/\/www.europesays.com\/fr\/463457\/"},"modified":"2025-10-14T22:47:16","modified_gmt":"2025-10-14T22:47:16","slug":"illkirch-graffenstaden-le-dossier-habitat-de-lill-ressurgit-en-conseil-municipal","status":"publish","type":"post","link":"https:\/\/www.europesays.com\/fr\/463457\/","title":{"rendered":"Illkirch-Graffenstaden. Le dossier Habitat de l\u2019Ill ressurgit en conseil municipal"},"content":{"rendered":"<p>Engag\u00e9 dans la r\u00e9novation urbaine du quartier, Habitat de l\u2019Ill va construire \u00e0 Libermann 35 logements locatifs sociaux destin\u00e9s aux s\u00e9niors, en lieu et place d\u2019une barre d\u2019immeuble d\u00e9molie en 2021. Pour mener \u00e0 bien ce projet, dont la construction devrait d\u00e9buter en fin d\u2019ann\u00e9e, la coop\u00e9rative HLM doit contracter un pr\u00eat de 500\u00a0000\u00a0euros et sollicite la Ville pour sa garantie d\u2019emprunt. Celle-ci ne fait pas d\u00e9bat\u00a0: elle est vot\u00e9e \u00e0 l\u2019unanimit\u00e9.<\/p>\n<p>Du retard dans la r\u00e9novation urbaine de Libermann\u00a0?<\/p>\n<p>Cependant, Claude Froehly (groupe \u00ab\u00a0Illkirch-Graffenstaden, c\u2019est ma nature\u00a0\u00bb) pointe \u00ab\u00a0le retard qui a \u00e9t\u00e9 pris\u00a0\u00bb (dans la r\u00e9novation urbaine du quartier)\u00a0: \u00ab\u00a0En six ans, rien n\u2019a boug\u00e9 sur le quartier Libermann, \u00e0 part quelques d\u00e9molitions d\u2019immeubles et l\u2019ach\u00e8vement de l\u2019\u00e9cole Ad\u00e9la\u00efde-Hautval, projet que notre \u00e9quipe a con\u00e7u et lanc\u00e9.\u00a0\u00bb Et l\u2019ancien maire de revenir sur la pol\u00e9mique \u00e0 propos de \u00ab <a href=\"https:\/\/www.dna.fr\/faits-divers-justice\/2025\/09\/26\/habitat-de-l-ill-l-ancien-directeur-et-le-maire-reglent-leurs-comptes\" target=\"_blank\" rel=\"noopener\">la vente \u00e0 bas prix d\u2019un terrain par Habitat de l\u2019Ill \u00e0 la Ville<\/a> \u00a0\u00bb (DNA du 27\/09\/25). Il&#8230;<\/p>\n","protected":false},"excerpt":{"rendered":"Engag\u00e9 dans la r\u00e9novation urbaine du quartier, Habitat de l\u2019Ill va construire \u00e0 Libermann 35 logements locatifs sociaux&hellip;\n","protected":false},"author":2,"featured_media":463458,"comment_status":"","ping_status":"","sticky":false,"template":"","format":"standard","meta":{"footnotes":""},"categories":[2820],"tags":[1111,11,1984,2880,1777,674,107,1011,27,775,3088,12,316,25,640,3089],"class_list":{"0":"post-463457","1":"post","2":"type-post","3":"status-publish","4":"format-standard","5":"has-post-thumbnail","7":"category-strasbourg","8":"tag-actu","9":"tag-actualites","10":"tag-conseil-municipal","11":"tag-edition-strasbourg","12":"tag-eu","13":"tag-europe","14":"tag-fil-info","15":"tag-fr","16":"tag-france","17":"tag-grand-est","18":"tag-illkirch-graffenstaden","19":"tag-news","20":"tag-politique","21":"tag-republique-francaise","22":"tag-strasbourg","23":"tag-strasbourg-sud"},"share_on_mastodon":{"url":"https:\/\/pubeurope.com\/@fr\/115374957917150891","error":""},"_links":{"self":[{"href":"https:\/\/www.europesays.com\/fr\/wp-json\/wp\/v2\/posts\/463457","targetHints":{"allow":["GET"]}}],"collection":[{"href":"https:\/\/www.europesays.com\/fr\/wp-json\/wp\/v2\/posts"}],"about":[{"href":"https:\/\/www.europesays.com\/fr\/wp-json\/wp\/v2\/types\/post"}],"author":[{"embeddable":true,"href":"https:\/\/www.europesays.com\/fr\/wp-json\/wp\/v2\/users\/2"}],"replies":[{"embeddable":true,"href":"https:\/\/www.europesays.com\/fr\/wp-json\/wp\/v2\/comments?post=463457"}],"version-history":[{"count":0,"href":"https:\/\/www.europesays.com\/fr\/wp-json\/wp\/v2\/posts\/463457\/revisions"}],"wp:featuredmedia":[{"embeddable":true,"href":"https:\/\/www.europesays.com\/fr\/wp-json\/wp\/v2\/media\/463458"}],"wp:attachment":[{"href":"https:\/\/www.europesays.com\/fr\/wp-json\/wp\/v2\/media?parent=463457"}],"wp:term":[{"taxonomy":"category","embeddable":true,"href":"https:\/\/www.europesays.com\/fr\/wp-json\/wp\/v2\/categories?post=463457"},{"taxonomy":"post_tag","embeddable":true,"href":"https:\/\/www.europesays.com\/fr\/wp-json\/wp\/v2\/tags?post=463457"}],"curies":[{"name":"wp","href":"https:\/\/api.w.org\/{rel}","templated":true}]}}